{"id":1009,"date":"2018-08-31T09:19:16","date_gmt":"2018-08-31T12:19:16","guid":{"rendered":"http:\/\/www.unitarismobiblico.com\/w\/?p=1009"},"modified":"2020-01-09T09:44:46","modified_gmt":"2020-01-09T12:44:46","slug":"a-nova-redacao-de-jd-v-5","status":"publish","type":"post","link":"https:\/\/www.unitarismobiblico.com\/w\/2018\/08\/31\/a-nova-redacao-de-jd-v-5\/","title":{"rendered":"A nova reda\u00e7\u00e3o de Jd. v.5"},"content":{"rendered":"<p class=\"western\" align=\"justify\"><span style=\"font-family: FreeSerif, serif;\"><b>Jd. v. 5.<\/b><\/span><span style=\"font-family: FreeSerif, serif;\"> \u00c0s vezes, aqueles que defendem a n\u00e3o exist\u00eancia de uma trindade na<\/span><span style=\"font-family: FreeSerif, serif;\">s Escrituras criticam determinadas formas como certos vers\u00edculos s\u00e3o apresentados <\/span><span style=\"font-family: FreeSerif, serif;\">nas vers\u00f5es populares, e, <\/span><span style=\"font-family: FreeSerif, serif;\">ao fazerem isso, s\u00e3o acusados <\/span><span style=\"font-family: FreeSerif, serif;\">de somente poderem defender suas posi\u00e7\u00f5es afirmando que h\u00e1 problemas com as B\u00edblias atuais.<\/span><span style=\"font-family: FreeSerif, serif;\"> Essa \u00e9 uma acusa\u00e7\u00e3o injusta porque n\u00e3o \u00e9 segredo para estudantes perspicazes <\/span><span style=\"font-family: FreeSerif, serif;\">e dedicados<\/span><span style=\"font-family: FreeSerif, serif;\"> que h\u00e1 diversos vers\u00edculos cujas reda\u00e7\u00f5es difere<\/span><span style=\"font-family: FreeSerif, serif;\">m<\/span><span style=\"font-family: FreeSerif, serif;\"> de <\/span><span style=\"font-family: FreeSerif, serif;\">um<\/span><span style=\"font-family: FreeSerif, serif;\"> manuscrito para outro,<\/span><span style=\"font-family: FreeSerif, serif;\"> e com isso <\/span><span style=\"font-family: FreeSerif, serif;\">passam a existir b\u00edblias com<\/span><span style=\"font-family: FreeSerif, serif;\"> textos diferentes entre si (vide I Jo. 5.7 na ARA e na ARC). <\/span><span style=\"font-family: FreeSerif, serif;\">Isto \u00e9 um fato. Tamb\u00e9m \u00e9 fato que h\u00e1 <\/span><span style=\"font-family: FreeSerif, serif;\">manuscritos que trazem textos completamente destoantes de restante das Escrituras. A essa altura talvez se pergunte: e o que Jd. v.5 tem a ver com essa hist\u00f3ria? <\/span><\/p>\n<p class=\"western\" align=\"justify\"><span style=\"font-family: FreeSerif, serif;\">Bem, <\/span><span style=\"font-family: FreeSerif, serif;\">at\u00e9 recentemente <\/span><span style=\"font-family: FreeSerif, serif;\">(<\/span><span style=\"font-family: FreeSerif, serif;\">e ainda consta na grande maioria das B\u00edblias<\/span><span style=\"font-family: FreeSerif, serif;\">),<\/span> <span style=\"font-family: FreeSerif, serif;\">esse verso <\/span><span style=\"font-family: FreeSerif, serif;\">era<\/span><span style=\"font-family: FreeSerif, serif;\"> apresentado com a seguinte reda\u00e7\u00e3o:<\/span><span style=\"font-family: FreeSerif, serif;\"> \u201c<\/span><span style=\"font-family: FreeSerif, serif;\"><i>Mas quero lembrar-vos, como a quem j\u00e1 uma vez soube isto, que, <\/i><\/span><span style=\"font-family: FreeSerif, serif;\"><i>havendo <\/i><\/span><span style=\"font-family: FreeSerif, serif;\"><b>o Senhor<\/b><\/span><span style=\"font-family: FreeSerif, serif;\"><i> salvo<\/i><\/span><span style=\"font-family: FreeSerif, serif;\"><i> um povo, tirando-o da terra do Egito, destruiu depois os que n\u00e3o creram<\/i><\/span><span style=\"font-family: FreeSerif, serif;\">\u201d (destaquei). A <\/span><span style=\"font-family: FreeSerif, serif;\">palavra<\/span><span style=\"font-family: FreeSerif, serif;\"> negritada \u00e9 o <\/span><span style=\"font-family: FreeSerif, serif;\">ponto<\/span><span style=\"font-family: FreeSerif, serif;\"> de nosso interesse. A identifica\u00e7\u00e3o de quem tirou o povo do Egito n\u00e3o \u00e9 segredo e a palavra \u201cSenhor\u201d ai \u00e9, sem d\u00favida, o substituto comum nos textos gregos sobreviventes <\/span><span style=\"font-family: FreeSerif, serif;\">mais <\/span><span style=\"font-family: FreeSerif, serif;\">populares<\/span><span style=\"font-family: FreeSerif, serif;\"> para o nome de Deus, Yahweh (ou YHWH). <\/span><span style=\"font-family: FreeSerif, serif;\">O relato<\/span><span style=\"font-family: FreeSerif, serif;\">\u00a0que esse verso de Judas referencia<\/span><span style=\"font-family: FreeSerif, serif;\">\u00a0\u00e9<\/span>\u00a0<span style=\"font-family: FreeSerif, serif;\">descrito<\/span><span style=\"font-family: FreeSerif, serif;\">\u00a0em <\/span><span style=\"font-family: FreeSerif, serif;\">Dt. 6.12: \u201c<\/span><span style=\"font-family: FreeSerif, serif;\"><i>fica atento a ti mesmo! N\u00e3o te esque\u00e7as de <\/i><\/span><span style=\"font-family: FreeSerif, serif;\"><i><b>Yahweh, que te fez sair da terra do Egito<\/b><\/i><\/span><span style=\"font-family: FreeSerif, serif;\"><i>, da casa da escravid\u00e3o<\/i><\/span><span style=\"font-family: FreeSerif, serif;\">\u201d<a class=\"sdfootnoteanc\" href=\"#sdfootnote1sym\" name=\"sdfootnote1anc\"><sup>1<\/sup><\/a> <\/span><span style=\"font-family: FreeSerif, serif;\">(destaquei) <\/span><span style=\"font-family: FreeSerif, serif;\">e Dt. 20.1: \u201c<em>Quando sa\u00edres \u00e0 peleja contra teus inimigos, e vires cavalos, e carros, e povo maior em n\u00famero do que tu, deles n\u00e3o ter\u00e1s temor; <\/em><strong><em>pois\u00a0Yahweh teu Deus, que te tirou da terra do Egito, est\u00e1 contigo<\/em><\/strong><\/span><span style=\"font-family: FreeSerif, serif;\"><i>.<\/i><\/span><span style=\"font-family: FreeSerif, serif;\">\u201d <\/span><span style=\"font-family: FreeSerif, serif;\">Deve-se ter claro em mente que \u201c<\/span><span style=\"font-family: FreeSerif, serif;\">Yahweh\u201d nesses textos foi vertido por \u201c\u03ba\u03cd\u03c1\u03b9\u03bf\u03c2\u201d (<\/span><span style=\"font-family: FreeSerif, serif;\"><b>Senhor<\/b><\/span><span style=\"font-family: FreeSerif, serif;\">) <\/span><span style=\"font-family: FreeSerif, serif;\">nos manuscritos mais populares da<\/span><span style=\"font-family: FreeSerif, serif;\"> Septuaginta <\/span><span style=\"font-family: FreeSerif, serif;\">e \u00e9 a palavra usual <\/span><span style=\"font-family: FreeSerif, serif;\">para as refer\u00eancias do Antigo Testamento<\/span> <span style=\"font-family: FreeSerif, serif;\">no Novo Testamento grego <\/span><span style=\"font-family: FreeSerif, serif;\">do nome de Deus<\/span><span style=\"font-family: FreeSerif, serif;\">. Vale destacar que a palavra &#8220;senhor&#8221; \u00e9 usada em referencias a outras pessoas no NT.<\/span><\/p>\n<p class=\"western\" align=\"justify\"><span style=\"font-family: FreeSerif, serif;\">Em Jd. 5 utilizam a p<\/span><span style=\"font-family: FreeSerif, serif;\">alavra \u201c<\/span><span style=\"font-family: FreeSerif, serif;\"><b>Senhor<\/b><\/span><span style=\"font-family: FreeSerif, serif;\">\u201d, <\/span><span style=\"font-family: FreeSerif, serif;\">al\u00e9m da ACF,<\/span><span style=\"font-family: FreeSerif, serif;\"> tamb\u00e9m as B\u00edblias Almeida XXI, JFA1819, ARC 1911, ARC 1969, ARC1967, BAM, BJ, CNBB, DIF, <\/span><span style=\"font-family: FreeSerif, serif;\">B<\/span><span style=\"font-family: FreeSerif, serif;\">K<\/span><span style=\"font-family: FreeSerif, serif;\">J<\/span><span style=\"font-family: FreeSerif, serif;\">, NTLH, NVI, Edi\u00e7\u00e3o Pastoral, Reina Valera em Portugu\u00eas, Tradu\u00e7\u00e3o Brasileira da B\u00edblia-TB, B\u00edblia Viva, <\/span><span style=\"font-family: FreeSerif, serif;\">CBC, <\/span><span style=\"font-family: FreeSerif, serif;\">TEB, <\/span><span style=\"font-family: FreeSerif, serif;\">B\u00edblia Mensagem de Deus da Ed. Loyola, <\/span><span style=\"font-family: FreeSerif, serif;\">todas as ARA at\u00e9 a 2\u00aa Edi\u00e7\u00e3o, <\/span><span style=\"font-family: FreeSerif, serif;\">dentre outras<\/span><span style=\"font-family: FreeSerif, serif;\">. <\/span><span style=\"font-family: FreeSerif, serif;\">Os comentarista<\/span><span style=\"font-family: FreeSerif, serif;\">s<\/span><span style=\"font-family: FreeSerif, serif;\"> da TEB<\/span> <span style=\"font-family: FreeSerif, serif;\">e da BJ, <\/span><span style=\"font-family: FreeSerif, serif;\">em nota de rodap\u00e9, <\/span><span style=\"font-family: FreeSerif, serif;\">concordam que esse texto se<\/span><span style=\"font-family: FreeSerif, serif;\">ja uma refer\u00eancia<\/span><span style=\"font-family: FreeSerif, serif;\"> ao <\/span><span style=\"font-family: FreeSerif, serif;\"><b>Pai<\/b><\/span><span style=\"font-family: FreeSerif, serif;\">. <\/span><span style=\"font-family: FreeSerif, serif;\">O uso da palavra \u201cSenhor\u201d <\/span><span style=\"font-family: FreeSerif, serif;\">(<\/span><span style=\"font-family: FreeSerif, serif;\"><b>\u03ba\u03cd\u03c1\u03b9\u03bf\u03c2<\/b><\/span><span style=\"font-family: FreeSerif, serif;\">)<\/span><span style=\"font-family: FreeSerif, serif;\"> nesse verso de Judas, <\/span><span style=\"font-family: FreeSerif, serif;\">nes<\/span><span style=\"font-family: FreeSerif, serif;\">s<\/span><span style=\"font-family: FreeSerif, serif;\">as vers\u00f5es,<\/span><span style=\"font-family: FreeSerif, serif;\"> tem por base o texto grego <\/span><span style=\"font-family: FreeSerif, serif;\">que pode ser encontrado<\/span> <span style=\"font-family: FreeSerif, serif;\">t<\/span><span style=\"font-family: FreeSerif, serif;\">anto <\/span><span style=\"font-family: FreeSerif, serif;\">n<\/span><span style=\"font-family: FreeSerif, serif;\">o <\/span><span style=\"font-family: FreeSerif, serif;\">Texto Majorit\u00e1rio, como no <\/span><span style=\"font-family: FreeSerif, serif;\">Text<\/span><span style=\"font-family: FreeSerif, serif;\">us<\/span><span style=\"font-family: FreeSerif, serif;\"> Receptus <\/span><span style=\"font-family: FreeSerif, serif;\">e <\/span><span style=\"font-family: FreeSerif, serif;\">no <\/span><span style=\"font-family: FreeSerif, serif;\">Texto Cr\u00edtico, <\/span><span style=\"font-family: FreeSerif, serif;\">3\u00aa e<\/span> <span style=\"font-family: FreeSerif, serif;\">4<\/span><span style=\"font-family: FreeSerif, serif;\">\u00aa <\/span><span style=\"font-family: FreeSerif, serif;\">e<\/span><span style=\"font-family: FreeSerif, serif;\">di\u00e7\u00e3o.<\/span><\/p>\n<p class=\"western\" align=\"justify\"><span style=\"font-family: FreeSerif, serif;\">Mas, h\u00e1 uma leitura peculiar desse vers\u00edculo s\u00f3 <\/span><span style=\"font-family: FreeSerif, serif;\">popularizado<\/span> <span style=\"font-family: FreeSerif, serif;\">antes <\/span><span style=\"font-family: FreeSerif, serif;\">nas <\/span><span style=\"font-family: FreeSerif, serif;\">b<\/span><span style=\"font-family: FreeSerif, serif;\">\u00edblia<\/span><span style=\"font-family: FreeSerif, serif;\">s<\/span><span style=\"font-family: FreeSerif, serif;\"> baseadas nos textos em <\/span><span style=\"font-family: FreeSerif, serif;\">l<\/span><span style=\"font-family: FreeSerif, serif;\">atim. Tanto a <\/span><span style=\"font-family: FreeSerif, serif;\"><i>Vulgada <\/i><\/span><span style=\"font-family: FreeSerif, serif;\"><i>Editio,<\/i><\/span><span style=\"font-family: FreeSerif, serif;\"> vers\u00e3o cat\u00f3lica <\/span><span style=\"font-family: FreeSerif, serif;\">feita por Jer\u00f4nimo n<\/span><span style=\"font-family: FreeSerif, serif;\">o s\u00e9c. IV,<\/span><span style=\"font-family: FreeSerif, serif;\"> quanto a sua revis\u00e3o, da \u00e9poca da <\/span><span style=\"font-family: FreeSerif, serif;\">contrarreforma<\/span> <span style=\"font-family: FreeSerif, serif;\">cat\u00f3lica<\/span><span style=\"font-family: FreeSerif, serif;\">, chamada <\/span><span style=\"font-family: FreeSerif, serif;\"><i>Vulgata Clementina<\/i><\/span><span style=\"font-family: FreeSerif, serif;\">,<\/span><span style=\"font-family: FreeSerif, serif;\"> trazem o texto como \u201c\u2026<\/span><span style=\"font-family: FreeSerif, serif;\"><i>quoniam <\/i><\/span><span style=\"font-family: FreeSerif, serif;\"><i><b>Iesus <\/b><\/i><\/span><span style=\"font-family: FreeSerif, serif;\"><i>populum de terra Aegypti salvans secundo eos qui non crediderunt perdidit<\/i><\/span><span style=\"font-family: FreeSerif, serif;\">\u201d(destaquei), onde o nome Jesus aparece como sendo aquele que salvou o povo da terra do Egito. <\/span><span style=\"font-family: FreeSerif, serif;\">Seguindo essa<\/span><span style=\"font-family: FreeSerif, serif;\"> linha se tem, e<\/span><span style=\"font-family: FreeSerif, serif;\">m portugu\u00eas, as vers\u00f5es <\/span><span style=\"font-family: FreeSerif, serif;\">cat\u00f3licas <\/span><span style=\"font-family: FreeSerif, serif;\">produzidas pelos padres Ant\u00f4nio Pereira de Figueiredo <\/span><span style=\"font-family: FreeSerif, serif;\">(1790)<\/span><span style=\"font-family: FreeSerif, serif;\"> e Manoel de Matos Soares <\/span><span style=\"font-family: FreeSerif, serif;\">(1942)<\/span><span style=\"font-family: FreeSerif, serif;\">. Assim, e<\/span><span style=\"font-family: FreeSerif, serif;\">ss<\/span><span style=\"font-family: FreeSerif, serif;\">e texto, com o nome &#8220;Jesus&#8221;,\u00a0<\/span><span style=\"font-family: FreeSerif, serif;\">ficou restrit<\/span><span style=\"font-family: FreeSerif, serif;\">o<\/span><span style=\"font-family: FreeSerif, serif;\"> aos c\u00edrculos cat\u00f3licos, <\/span><span style=\"font-family: FreeSerif, serif;\">em especial no meio lit\u00fargico. <\/span><span style=\"font-family: FreeSerif, serif;\">Fora desse ambiente<\/span> <span style=\"font-family: FreeSerif, serif;\">v\u00e1rias <\/span><span style=\"font-family: FreeSerif, serif;\">B<\/span><span style=\"font-family: FreeSerif, serif;\">\u00edblias cat\u00f3licas passaram a fazer uso do texto grego, <\/span><span style=\"font-family: FreeSerif, serif;\">e ess<\/span><span style=\"font-family: FreeSerif, serif;\">as<\/span><span style=\"font-family: FreeSerif, serif;\"> n\u00e3o apresentava<\/span><span style=\"font-family: FreeSerif, serif;\">m<\/span> <span style=\"font-family: FreeSerif, serif;\">o nome<\/span><span style=\"font-family: FreeSerif, serif;\"> \u201cJesus\u201d <\/span><span style=\"font-family: FreeSerif, serif;\">em suas vers\u00f5es <\/span><span style=\"font-family: FreeSerif, serif;\">para esse<\/span><span style=\"font-family: FreeSerif, serif;\"> verso.<\/span><\/p>\n<p class=\"western\" align=\"justify\"><span style=\"font-family: FreeSerif, serif;\">\u00c9 f\u00e1cil perceber que essa proposta de vers\u00e3o ao sugerir que foi Jesus quem tirou o povo da terra do Egito, <\/span><span style=\"font-family: FreeSerif, serif;\">busca <\/span><span style=\"font-family: FreeSerif, serif;\">indica<\/span><span style=\"font-family: FreeSerif, serif;\">r<\/span><span style=\"font-family: FreeSerif, serif;\"> que Jesus <\/span><span style=\"font-family: FreeSerif, serif;\">tamb\u00e9m <\/span><span style=\"font-family: FreeSerif, serif;\">\u00e9 o Deus, executor das maravilhas ocorridas no Antigo Testamento<\/span><span style=\"font-family: FreeSerif, serif;\">. Ou seja, n\u00e3o pretende apontar Jesus como executor da vontade de Deus l\u00e1 no Egito, mas indicar que Jesus seria o pr\u00f3prio Yahweh. Em outras palavras h\u00e1 um forte vi\u00e9s cristote\u00edsta<\/span><span style=\"font-family: FreeSerif, serif;\"> a\u00ed,<\/span> <span style=\"font-family: FreeSerif, serif;\">que busca endossar a exist\u00eancia de uma trindade em Deus <\/span><span style=\"font-family: FreeSerif, serif;\">ou, no m\u00ednimo, um expl\u00edcito modalismo.<\/span><\/p>\n<p class=\"western\" align=\"justify\"><span style=\"font-family: FreeSerif, serif;\">M<\/span><span style=\"font-family: FreeSerif, serif;\">a<\/span><span style=\"font-family: FreeSerif, serif;\">s, o<\/span><span style=\"font-family: FreeSerif, serif;\">s cat\u00f3licos produzirem e manterem esse texto em seu meio \u00e9 natural, j\u00e1 que a l\u00edngua oficial do Vaticano \u00e9 o latim. <\/span><span style=\"font-family: FreeSerif, serif;\">Por\u00e9m<\/span><span style=\"font-family: FreeSerif, serif;\">, em tempos recentes, come\u00e7aram a aparecer vers\u00f5es protestantes afirmando o mesmo. <\/span><span style=\"font-family: FreeSerif, serif;\">E isso certamente decorre do fato do Texto Cr\u00edtico <\/span><span style=\"font-family: FreeSerif, serif;\">de Nestle <\/span><span style=\"font-family: FreeSerif, serif;\">&amp;<\/span><span style=\"font-family: FreeSerif, serif;\"> Aland 28\u00aa Edi\u00e7\u00e3o (2012) e d<\/span><span style=\"font-family: FreeSerif, serif;\">a<\/span> <span style=\"font-family: FreeSerif, serif;\">5\u00aa Edi\u00e7\u00e3o <\/span><span style=\"font-family: FreeSerif, serif;\">da Deutsche Bibel Gesellschaft (DBG<a class=\"sdfootnoteanc\" href=\"#sdfootnote3sym\" name=\"sdfootnote3anc\"><sup>3<\/sup><\/a>), <\/span><span style=\"font-family: FreeSerif, serif;\">publicado em 2014 <\/span><span style=\"font-family: FreeSerif, serif;\">optar<\/span><span style=\"font-family: FreeSerif, serif;\">em<\/span><span style=\"font-family: FreeSerif, serif;\"> como texto principal a variante que apresenta a ocorr\u00eancia d<\/span><span style=\"font-family: FreeSerif, serif;\">o no<\/span><span style=\"font-family: FreeSerif, serif;\">m<\/span><span style=\"font-family: FreeSerif, serif;\">e<\/span><span style=\"font-family: FreeSerif, serif;\"> \u201cJesus\u201d nesse texto: \u201c\u03b5\u1f30\u03b4\u1f79\u03c4\u03b1\u03c2 \u1f51\u03bc\u1fb6\u03c2 \u1f05\u03c0\u03b1\u03be \u03c0\u1f71\u03bd\u03c4\u03b1 \u1f45\u03c4\u03b9 <\/span><span style=\"font-family: FreeSerif, serif;\"><b>\u1f38\u03b7\u03c3\u03bf\u1fe6\u03c2 [Jesus]<\/b><\/span><span style=\"font-family: FreeSerif, serif;\">\u00a0\u03bb\u03b1\u1f78\u03bd \u1f10\u03ba \u03b3\u1fc6\u03c2 \u0391\u1f30\u03b3\u1f7b\u03c0\u03c4\u03bf\u03c5 \u03c3\u1f7d\u03c3\u03b1\u03c2\u201d (destaquei). Duas edi\u00e7\u00f5es anteriores do TC,\u00a0<\/span><span style=\"font-family: FreeSerif, serif;\">j\u00e1 impressas,\u00a0<\/span><span style=\"font-family: FreeSerif, serif;\">traziam a palavra \u201cSenhor\u201d: \u201c\u03b5\u1f30\u03b4\u03cc\u03c4\u03b1\u03c2 \u1f05\u03c0\u03b1\u03be \u03c0\u03ac\u03bd\u03c4\u03b1 \u1f45\u03c4\u03b9 <\/span><span style=\"font-family: FreeSerif, serif;\"><b>\u03ba\u03cd\u03c1\u03b9\u03bf\u03c2 [Senhor]<\/b><\/span><span style=\"font-family: FreeSerif, serif;\"> \u03bb\u03b1\u1f78\u03bd \u1f10\u03ba \u03b3\u1fc6\u03c2 \u0391\u1f30\u03b3\u03cd\u03c0\u03c4\u03bf\u03c5 \u03c3\u03ce\u03c3\u03b1\u03c2\u201d<a class=\"sdfootnoteanc\" href=\"#sdfootnote4sym\" name=\"sdfootnote4anc\"><sup>4<\/sup><\/a>\u00a0(destaquei)\u00a0<\/span><span style=\"font-family: FreeSerif, serif;\">como texto principal<\/span><span style=\"font-family: FreeSerif, serif;\">. <\/span><\/p>\n<p class=\"western\" align=\"justify\"><span style=\"font-family: FreeSerif, serif;\">Nessa <\/span><span style=\"font-family: FreeSerif, serif;\">nova<\/span><span style=\"font-family: FreeSerif, serif;\"> linha, a<\/span> <span style=\"font-family: FreeSerif, serif;\">rec\u00e9m-lan\u00e7ada <\/span><span style=\"font-family: FreeSerif, serif;\">Almeida Revista e Atualizada <\/span><span style=\"font-family: FreeSerif, serif;\">no Brasil<\/span><span style=\"font-family: FreeSerif, serif;\"> 3\u00aa Edi\u00e7\u00e3o, tamb\u00e9m conhecida como Nova Almeida Atualizada (NAA), assim apresenta o trecho: \u201c\u2026 <\/span><span style=\"font-family: FreeSerif, serif;\"><i>quero lembrar-lhes que <\/i><\/span><span style=\"font-family: FreeSerif, serif;\"><b>Jesus<\/b><\/span><span style=\"font-family: FreeSerif, serif;\"><i>, tendo libertado um povo, tirando-o do Egito, destruiu, depois, os que n\u00e3o creram<\/i><\/span><span style=\"font-family: FreeSerif, serif;\">.\u201d (destaquei<\/span><span style=\"font-family: FreeSerif, serif;\">). <\/span><span style=\"font-family: FreeSerif, serif;\">A popular NET Bible<a class=\"sdfootnoteanc\" href=\"#sdfootnote5sym\" name=\"sdfootnote5anc\"><sup>5<\/sup><\/a>, <\/span><span style=\"font-family: FreeSerif, serif;\">em ingl\u00eas,<\/span> <span style=\"font-family: FreeSerif, serif;\">mesmo antes do texto UBS5 <\/span><span style=\"font-family: FreeSerif, serif;\">j\u00e1 grafava <\/span><span style=\"font-family: FreeSerif, serif;\"> \u201cJesus\u201d<a class=\"sdfootnoteanc\" href=\"#sdfootnote6sym\" name=\"sdfootnote6anc\"><sup>6<\/sup><\/a> no verso, <\/span><span style=\"font-family: FreeSerif, serif;\">mas,<\/span> <span style=\"font-family: FreeSerif, serif;\">ainda <\/span><span style=\"font-family: FreeSerif, serif;\">que defenda essa variante, anota<\/span><span style=\"font-family: FreeSerif, serif;\">: \u201c<\/span><span style=\"font-family: FreeSerif, serif;\"><i>A leitura \u0399\u03b7\u03c3\u03bf\u1fe6\u03c2 (Ihsous, \u2018Jesus\u2019) \u00e9 considerada muito dif\u00edcil por v\u00e1rios estudiosos, uma vez que envolve a no\u00e7\u00e3o de Jesus agindo no in\u00edcio da hist\u00f3ria da na\u00e7\u00e3o de Israel<\/i><\/span><span style=\"font-family: FreeSerif, serif;\">.\u201d <\/span><span style=\"font-family: FreeSerif, serif;\">De fato, a ideia de Jesus ser aquele que atua onde <\/span><span style=\"font-family: FreeSerif, serif;\">o <\/span><span style=\"font-family: FreeSerif, serif;\">A.T. informa ser<\/span><span style=\"font-family: FreeSerif, serif;\">\u00a0Yahweh \u00e9 <\/span><span style=\"font-family: FreeSerif, serif;\">absolutamente <\/span><span style=\"font-family: FreeSerif, serif;\">descontextual <\/span><span style=\"font-family: FreeSerif, serif;\">dentro da <\/span><span style=\"font-family: FreeSerif, serif;\">B\u00edblia. Lembremos, sempre, que a proposta dessa nova reda\u00e7\u00e3o para Judas 5, n\u00e3o \u00e9 dizer que Jesus faz por ondem de Yahweh, mas que Jesus \u00e9 Yahweh.<\/span><\/p>\n<p class=\"western\" align=\"justify\"><span style=\"font-family: FreeSerif, serif;\">Os textos cr\u00edticos atuais, ao trazerem <\/span><span style=\"font-family: FreeSerif, serif;\">essa variante <\/span><span style=\"font-family: FreeSerif, serif;\">como texto principal,<\/span> <span style=\"font-family: FreeSerif, serif;\">terminaram por <\/span><span style=\"font-family: FreeSerif, serif;\">colo<\/span><span style=\"font-family: FreeSerif, serif;\">car<\/span><span style=\"font-family: FreeSerif, serif;\"> o verso em<\/span><span style=\"font-family: FreeSerif, serif;\"> disputa, <\/span><span style=\"font-family: FreeSerif, serif;\">p<\/span><span style=\"font-family: FreeSerif, serif;\">ois se a palavra correta for \u201cSenhor\u201d, no contexto B\u00edblico <\/span><span style=\"font-family: FreeSerif, serif;\">esse Senhor <\/span><span style=\"font-family: FreeSerif, serif;\">\u00e9, indubitavelmente, <\/span><span style=\"font-family: FreeSerif, serif;\">Yahweh, mas se <\/span><span style=\"font-family: FreeSerif, serif;\">em vez de \u201cSenhor\u201d a palavra <\/span><span style=\"font-family: FreeSerif, serif;\">\u00e9 \u201cJesus\u201d, ent\u00e3o, um ponto da doutrina trinit\u00e1ria <\/span><span style=\"font-family: FreeSerif, serif;\">ou unicista<\/span><span style=\"font-family: FreeSerif, serif;\"> ganha for\u00e7a, <\/span><span style=\"font-family: FreeSerif, serif;\">visto que <\/span><span style=\"font-family: FreeSerif, serif;\">a prefer\u00eancia ser\u00e1 <\/span><span style=\"font-family: FreeSerif, serif;\">identificar Jesus <\/span><span style=\"font-family: FreeSerif, serif;\">diretamente <\/span><span style=\"font-family: FreeSerif, serif;\">como sendo o Yahweh do A.T.<\/span><span style=\"font-family: FreeSerif, serif;\"> Hoje, pouca gente, <\/span><span style=\"font-family: FreeSerif, serif;\">inclusive entre os estudiosos,<\/span><span style=\"font-family: FreeSerif, serif;\"> concordar\u00e1 com <\/span><span style=\"font-family: FreeSerif, serif;\">essa \u00faltima proposta para<\/span><span style=\"font-family: FreeSerif, serif;\"> Jd. 5, mas todas <\/span><span style=\"font-family: FreeSerif, serif;\">as <\/span><span style=\"font-family: FreeSerif, serif;\">novas atualiza\u00e7\u00f5es d<\/span><span style=\"font-family: FreeSerif, serif;\">a<\/span><span style=\"font-family: FreeSerif, serif;\"> B\u00edblia que se basearem no TC, <\/span><span style=\"font-family: FreeSerif, serif;\">publicad<\/span><span style=\"font-family: FreeSerif, serif;\">as<\/span><span style=\"font-family: FreeSerif, serif;\"> a partir de 2012,<\/span><span style=\"font-family: FreeSerif, serif;\"> poder\u00e3o trazer essa variante, <\/span><span style=\"font-family: FreeSerif, serif;\">gerando uma mudan\u00e7a de paradigma<\/span><span style=\"font-family: FreeSerif, serif;\">. Isso poder\u00e1 criar um<\/span><span style=\"font-family: FreeSerif, serif;\">a impress\u00e3o para os futuros leitores que Jesus e Yahweh s\u00e3o o mesmo a partir da compara\u00e7\u00e3o desse verso de Judas como os fatos ocorridos no Antigos Testamento. E pior, no futuro poder\u00e1 se dizer: &#8220;n\u00e3o ser admiss\u00edvel discordar, j\u00e1 que Judas \u00e9 expl\u00edcito ao identificar Jesus como sendo Yahweh&#8221;.<\/span><\/p>\n<p class=\"western\" align=\"justify\"><span style=\"font-family: FreeSerif, serif;\">Por que devemos preferir \u201cSenhor\u201d a \u201cJesus\u201d como a palavra original de Jd. v.5? <\/span><span style=\"font-family: FreeSerif, serif;\">Bem, a<\/span><span style=\"font-family: FreeSerif, serif;\">pesar de se alegar que h\u00e1 bom apoio <\/span><span style=\"font-family: FreeSerif, serif;\">pela op\u00e7\u00e3o \u201cJesus\u201d, <\/span><span style=\"font-family: FreeSerif, serif;\">na verdade, <\/span><span style=\"font-family: FreeSerif, serif;\">tanto esta quanto <\/span><span style=\"font-family: FreeSerif, serif;\">a palavra<\/span><span style=\"font-family: FreeSerif, serif;\"> \u201cSenhor\u201d <\/span><span style=\"font-family: FreeSerif, serif;\">t<\/span><span style=\"font-family: FreeSerif, serif;\">\u00ea<\/span><span style=\"font-family: FreeSerif, serif;\">m <\/span><span style=\"font-family: FreeSerif, serif;\">apoio de<\/span><span style=\"font-family: FreeSerif, serif;\"> poucos testemunhos antigos que sobreviveram. <\/span><span style=\"font-family: FreeSerif, serif;\">Se para a variante<\/span> <span style=\"font-family: FreeSerif, serif;\">\u1f38\u03b7\u03c3\u03bf\u1fe6\u03c2<\/span> <span style=\"font-family: FreeSerif, serif;\">tem-se <\/span><span style=\"font-family: FreeSerif, serif;\">o codex <\/span><span style=\"font-family: FreeSerif, serif;\">B<\/span><span style=\"font-family: FreeSerif, serif;\"> (Vaticanus) do s\u00e9c. IV, para a variante <\/span><span style=\"font-family: FreeSerif, serif;\">\u03ba\u03cd\u03c1\u03b9\u03bf\u03c2<\/span> <span style=\"font-family: FreeSerif, serif;\">tem-se o codex<\/span><b> <\/b><span lang=\"ar-SA\"><span style=\"font-family: FreeSerif, serif;\">\u05d0<\/span> <\/span><span style=\"font-family: FreeSerif, serif;\">(Sana\u00edtico) que tamb\u00e9m \u00e9 do <\/span><span style=\"font-family: FreeSerif, serif;\">s<\/span><span style=\"font-family: FreeSerif, serif;\">\u00e9c. IV.<\/span><\/p>\n<p class=\"western\" align=\"justify\"><span style=\"font-family: FreeSerif, serif;\">Todos <\/span><span style=\"font-family: FreeSerif, serif;\">os <\/span><span style=\"font-family: FreeSerif, serif;\">demais <\/span><span style=\"font-family: FreeSerif, serif;\">manuscritos que apoiam um ou outro s\u00e3o <\/span><span style=\"font-family: FreeSerif, serif;\">posteriores ao s\u00e9c. IV<\/span><span style=\"font-family: FreeSerif, serif;\">. <\/span><span style=\"font-family: FreeSerif, serif;\">A variante <\/span><span style=\"font-family: FreeSerif, serif;\"><b>\u1f38\u03b7\u03c3\u03bf\u1fe6\u03c2<\/b><\/span> <span style=\"font-family: FreeSerif, serif;\">tem, ainda, <\/span><span style=\"font-family: FreeSerif, serif;\">o <\/span><span style=\"font-family: FreeSerif, serif;\">A (Alexandrinus) do V, o<\/span> <span style=\"font-family: FreeSerif, serif;\">33<a class=\"sdfootnoteanc\" href=\"#sdfootnote7sym\" name=\"sdfootnote7anc\"><sup>7<\/sup><\/a> <\/span><span style=\"font-family: FreeSerif, serif;\">que <\/span><span style=\"font-family: FreeSerif, serif;\">\u00e9 do s\u00e9c. IX;<\/span> <span style=\"font-family: FreeSerif, serif;\">o <\/span><span style=\"font-family: FreeSerif, serif;\">81 <\/span><span style=\"font-family: FreeSerif, serif;\">do s\u00e9c. XI;<\/span><span style=\"font-family: FreeSerif, serif;\"> 1241 <\/span><span style=\"font-family: FreeSerif, serif;\">do s\u00e9c. XII;<\/span><span style=\"font-family: FreeSerif, serif;\"> 1739 <\/span><span style=\"font-family: FreeSerif, serif;\">do s\u00e9c. X;<\/span><span style=\"font-family: FreeSerif, serif;\"> 1881 <\/span><span style=\"font-family: FreeSerif, serif;\">do sec. XIV;<\/span><span style=\"font-family: FreeSerif, serif;\"> 2344 <\/span><span style=\"font-family: FreeSerif, serif;\">do s\u00e9c. XI, <\/span><span style=\"font-family: FreeSerif, serif;\">dentre outros<\/span><span style=\"font-family: FreeSerif, serif;\">. <\/span><span style=\"font-family: FreeSerif, serif;\">Entre os chamados pais, <\/span><span style=\"font-family: FreeSerif, serif;\">no manuscrito 1739 <\/span><span style=\"font-family: FreeSerif, serif;\">do s\u00e9c. X h\u00e1 uma anota\u00e7\u00e3o que indica que <\/span><span style=\"font-family: FreeSerif, serif;\">Or<\/span><span style=\"font-family: FreeSerif, serif;\">\u00ed<\/span><span style=\"font-family: FreeSerif, serif;\">genes (254 d.C) <\/span><span style=\"font-family: FreeSerif, serif;\">teria <\/span><span style=\"font-family: FreeSerif, serif;\">atestado o texto<\/span><span style=\"font-family: FreeSerif, serif;\">, <\/span><span style=\"font-family: FreeSerif, serif;\">outros \u201cpai<\/span><span style=\"font-family: FreeSerif, serif;\">s<\/span><span style=\"font-family: FreeSerif, serif;\">\u201d seria<\/span><span style=\"font-family: FreeSerif, serif;\">m<\/span> <span style=\"font-family: FreeSerif, serif;\">D<\/span><span style=\"font-family: FreeSerif, serif;\">\u00ed<\/span><span style=\"font-family: FreeSerif, serif;\">dimo (395 d.C) e Cirilo (444 d.C). <\/span><span style=\"font-family: FreeSerif, serif;\">Talvez esses <\/span><span style=\"font-family: FreeSerif, serif;\">pais<\/span> <span style=\"font-family: FreeSerif, serif;\">deem<\/span><span style=\"font-family: FreeSerif, serif;\"> um<\/span><span style=\"font-family: FreeSerif, serif;\">a<\/span><span style=\"font-family: FreeSerif, serif;\"> ligeira vantagem para a variante <\/span><span style=\"font-family: FreeSerif, serif;\">apenas em termos de testemunho<\/span><span style=\"font-family: FreeSerif, serif;\">, mas longe de ser decisiva <\/span><span style=\"font-family: FreeSerif, serif;\">em seu favor<\/span><span style=\"font-family: FreeSerif, serif;\">.<\/span><\/p>\n<p class=\"western\" align=\"justify\"><span style=\"font-family: FreeSerif, serif;\">A<\/span><span style=\"font-family: FreeSerif, serif;\"> variante <\/span><span style=\"font-family: FreeSerif, serif;\"><b>\u03ba\u03cd\u03c1\u03b9\u03bf\u03c2<\/b><\/span> <span style=\"font-family: FreeSerif, serif;\">conta, <\/span><span style=\"font-family: FreeSerif, serif;\">tamb\u00e9m<\/span><span style=\"font-family: FreeSerif, serif;\">, <\/span><span style=\"font-family: FreeSerif, serif;\">com <\/span><span style=\"font-family: FreeSerif, serif;\">o C<\/span><sup><span style=\"font-family: FreeSerif, serif;\">*<\/span><\/sup><span style=\"font-family: FreeSerif, serif;\"> do s\u00e9c. V; <\/span><span style=\"font-family: FreeSerif, serif;\">436 do s\u00e9c. VII, <\/span><span style=\"font-family: FreeSerif, serif;\">o \u03a8 <\/span><span style=\"font-family: FreeSerif, serif;\">do s\u00e9c. VIII\/IX; <\/span><span style=\"font-family: FreeSerif, serif;\">os<\/span> <span style=\"font-family: FreeSerif, serif;\"><i>byz (bizantinos)<\/i><\/span><span style=\"font-family: FreeSerif, serif;\">;<\/span> <span style=\"font-family: FreeSerif, serif;\">o 181 do s\u00e9c. X; <\/span><span style=\"font-family: FreeSerif, serif;\">o 104 do s\u00e9c. XI; 1505 s\u00e9c. XII, <\/span><span style=\"font-family: FreeSerif, serif;\">dentre outros. <\/span><span style=\"font-family: FreeSerif, serif;\">Entre os chamados pais <\/span><span style=\"font-family: FreeSerif, serif;\">em\u00a0<\/span><span style=\"font-family: FreeSerif, serif;\">seu apoio se<\/span><span style=\"font-family: FreeSerif, serif;\">\u00a0tem Efraim (373 d.C), <\/span><span style=\"font-family: FreeSerif, serif;\">Te\u00f3filo (412 d.C)<\/span><span style=\"font-family: FreeSerif, serif;\"> e Jo\u00e3o Damasceno (754 d.C). E<\/span><span style=\"font-family: FreeSerif, serif;\">nt\u00e3o, se pode dizer que ambas t\u00eam boas atesta\u00e7\u00f5es<\/span><span style=\"font-family: FreeSerif, serif;\">, mas certamente <\/span><span style=\"font-family: FreeSerif, serif;\">a<\/span><span style=\"font-family: FreeSerif, serif;\">s d<\/span><span style=\"font-family: FreeSerif, serif;\">uas<\/span><span style=\"font-family: FreeSerif, serif;\"> n\u00e3o podem ser verdadeir<\/span><span style=\"font-family: FreeSerif, serif;\">a<\/span><span style=\"font-family: FreeSerif, serif;\">s. <\/span><\/p>\n<p class=\"western\" align=\"justify\"><span style=\"font-family: FreeSerif, serif;\">A variante <\/span><span style=\"font-family: FreeSerif, serif;\">\u03ba\u03cd\u03c1\u03b9\u03bf\u03c2 <\/span><span style=\"font-family: FreeSerif, serif;\">\u00e9<\/span><span style=\"font-family: FreeSerif, serif;\"> classificada como \u201cD\u201d <\/span><span style=\"font-family: FreeSerif, serif;\">no Texto Cr\u00edtico<\/span><span style=\"font-family: FreeSerif, serif;\">, <\/span><span style=\"font-family: FreeSerif, serif;\">e em<\/span><span style=\"font-family: FreeSerif, serif;\"> vers\u00f5es <\/span><span style=\"font-family: FreeSerif, serif;\">anteriores<\/span><span style=\"font-family: FreeSerif, serif;\"> do <\/span><span style=\"font-family: FreeSerif, serif;\">TC <\/span><span style=\"font-family: FreeSerif, serif;\">aparec<\/span><span style=\"font-family: FreeSerif, serif;\">e<\/span><span style=\"font-family: FreeSerif, serif;\"> como texto principal. Isso ocorre quando a Comiss\u00e3o considera \u201cmuito dif\u00edcil\u201d decidir qual <\/span><span style=\"font-family: FreeSerif, serif;\">variante<\/span><span style=\"font-family: FreeSerif, serif;\"> usar. E, atualmente, a variante<\/span> <span style=\"font-family: FreeSerif, serif;\">\u1f38\u03b7\u03c3\u03bf\u1fe6\u03c2<\/span> <span style=\"font-family: FreeSerif, serif;\">\u00e9 classificada \u201cC\u201d, <\/span><span style=\"font-family: FreeSerif, serif;\">e <\/span><span style=\"font-family: FreeSerif, serif;\">isso ocorre quando se considera que <\/span><span style=\"font-family: FreeSerif, serif;\">\u00e9<\/span><span style=\"font-family: FreeSerif, serif;\"> apenas \u201cdif\u00edcil\u201d <\/span><span style=\"font-family: FreeSerif, serif;\">decidir pelo uso dela<\/span><span style=\"font-family: FreeSerif, serif;\">. <\/span><span style=\"font-family: FreeSerif, serif;\">Ora, s<\/span><span style=\"font-family: FreeSerif, serif;\">e uma tem grau de certeza \u201cD\u201d e a outra \u201cC\u201d, por que se preferiu a \u201cD\u201d, antes da <\/span><span style=\"font-family: FreeSerif, serif;\">NA 28 e <\/span><span style=\"font-family: FreeSerif, serif;\">USB5, e agora optou-se pela \u201cC\u201d? Ser\u00e1 que<\/span><span style=\"font-family: FreeSerif, serif;\"> i<\/span><span style=\"font-family: FreeSerif, serif;\">sso sugere que<\/span> <span style=\"font-family: FreeSerif, serif;\">\u1f38\u03b7\u03c3\u03bf\u1fe6\u03c2<\/span> <span style=\"font-family: FreeSerif, serif;\">\u00e9 uma variante melhor que<\/span> <span style=\"font-family: FreeSerif, serif;\">\u03ba\u03cd\u03c1\u03b9\u03bf\u03c2? <\/span><span style=\"font-family: FreeSerif, serif;\">N\u00e3o<\/span><span style=\"font-family: FreeSerif, serif;\">! <\/span><span style=\"font-family: FreeSerif, serif;\">Porque se fosse <\/span><span style=\"font-family: FreeSerif, serif;\">n\u00e3o haveria altern\u00e2ncia <\/span><span style=\"font-family: FreeSerif, serif;\">baseada na dificuldade<\/span><span style=\"font-family: FreeSerif, serif;\"> dessas variantes na constru\u00e7\u00e3o do TC e seria a <\/span><span style=\"font-family: FreeSerif, serif;\">\u00fanica <\/span><span style=\"font-family: FreeSerif, serif;\">op\u00e7\u00e3o d<\/span><span style=\"font-family: FreeSerif, serif;\">esde a primeira edi\u00e7\u00e3o. Na verdade, <\/span><span style=\"font-family: FreeSerif, serif;\">o problema <\/span><span style=\"font-family: FreeSerif, serif;\">da incerteza<\/span><span style=\"font-family: FreeSerif, serif;\"> de classifica\u00e7\u00e3o nessa quest\u00e3o tem a ver com um dos postulados cient\u00edficos adotados para elabora\u00e7\u00e3o do Texto Cr\u00edtico que \u00e9 \u201c<\/span><span style=\"font-family: FreeSerif, serif;\"><i>A leitura mais <\/i><\/span><span style=\"font-family: FreeSerif, serif;\"><i>dif\u00edcil<\/i><\/span><span style=\"font-family: FreeSerif, serif;\"><i> deve ser a preferida<\/i><\/span><span style=\"font-family: FreeSerif, serif;\">\u201d (ou adotada). <\/span><span style=\"font-family: FreeSerif, serif;\">A leitura mais <\/span><span style=\"font-family: FreeSerif, serif;\">dif\u00edcil<\/span><span style=\"font-family: FreeSerif, serif;\"> para Judas v. 5 certamente \u00e9 <\/span><span style=\"font-family: FreeSerif, serif;\">\u1f38\u03b7\u03c3\u03bf\u1fe6\u03c2. <\/span><span style=\"font-family: FreeSerif, serif;\">Mas, a<\/span><span style=\"font-family: FreeSerif, serif;\"> Comiss\u00e3o <\/span><span style=\"font-family: FreeSerif, serif;\">tinha o entendimento, nas vers\u00f5es 3 e 4 da UBS,<\/span><span style=\"font-family: FreeSerif, serif;\"> que era <\/span><span style=\"font-family: FreeSerif, serif;\">\u201c<\/span><strong><span style=\"font-family: FreeSerif, serif;\"><i>dif\u00edcil a ponto do imposs\u00edvel<\/i><\/span><\/strong><span style=\"font-family: FreeSerif, serif;\">\u201d, <\/span><span style=\"font-family: FreeSerif, serif;\">pois<\/span><span style=\"font-family: FreeSerif, serif;\">, <\/span><span style=\"font-family: FreeSerif, serif;\">de fato,<\/span><span style=\"font-family: FreeSerif, serif;\"> n\u00e3o \u00e9 comum que Jesus seja apontado como aquele que libertou Israel do Egito<a class=\"sdfootnoteanc\" href=\"#sdfootnote8sym\" name=\"sdfootnote8anc\"><sup>8<\/sup><\/a> <\/span><span style=\"font-family: FreeSerif, serif;\">ou atuando diretamente e explicitamente no Antigo Testamento<\/span><span style=\"font-family: FreeSerif, serif;\">.<\/span> <span style=\"font-family: FreeSerif, serif;\">Assim, <\/span><span style=\"font-family: FreeSerif, serif;\">\u039a\u03cd\u03c1\u03b9\u03bf\u03c2 <\/span><span style=\"font-family: FreeSerif, serif;\">\u00e9, sem d\u00favida, <\/span><span style=\"font-family: FreeSerif, serif;\">entre <\/span><span style=\"font-family: FreeSerif, serif;\">a<\/span><span style=\"font-family: FreeSerif, serif;\">s d<\/span><span style=\"font-family: FreeSerif, serif;\">uas<\/span><span style=\"font-family: FreeSerif, serif;\">, <\/span><span style=\"font-family: FreeSerif, serif;\">a leitura mais prov\u00e1vel, mas adot\u00e1-la fere o crit\u00e9rio que sugere que deve ser preferida a leitura mais improv\u00e1vel <\/span><span style=\"font-family: FreeSerif, serif;\">com texto principal<\/span><span style=\"font-family: FreeSerif, serif;\">. Por isso escolher <\/span><span style=\"font-family: FreeSerif, serif;\">\u03ba\u03cd\u03c1\u03b9\u03bf\u03c2<\/span><span style=\"font-family: FreeSerif, serif;\">, para a Comiss\u00e3o, \u00e9 mais dif\u00edcil (da\u00ed decorre<\/span><span style=\"font-family: FreeSerif, serif;\">\u00a0a <\/span><span style=\"font-family: FreeSerif, serif;\">classifica\u00e7\u00e3o <\/span><span style=\"font-family: FreeSerif, serif;\">D) que escolher <\/span><span style=\"font-family: FreeSerif, serif;\">\u1f38\u03b7\u03c3\u03bf\u1fe6\u03c2 <\/span><span style=\"font-family: FreeSerif, serif;\">(<\/span><span style=\"font-family: FreeSerif, serif;\">classifica<\/span><span style=\"font-family: FreeSerif, serif;\">do como<\/span> <span style=\"font-family: FreeSerif, serif;\">C).<\/span><\/p>\n<p class=\"western\" align=\"justify\"><span style=\"font-family: FreeSerif, serif;\">Curiosamente a Nova Vulgata, portanto, a vers\u00e3o que \u00e9 atualmente usada nos atos lit\u00fargicos da Igreja Cat\u00f3lica, <\/span><span style=\"font-family: FreeSerif, serif;\">produzida ap\u00f3s o Conc\u00edlio Vaticano II e <\/span><span style=\"font-family: FreeSerif, serif;\">homologada como vers\u00e3o oficial <\/span><span style=\"font-family: FreeSerif, serif;\">da ICAR pelo papa Jo\u00e3o Paulo II<\/span><span style=\"font-family: FreeSerif, serif;\">, <\/span><span style=\"font-family: FreeSerif, serif;\">dispon\u00edvel <\/span><span style=\"font-family: FreeSerif, serif;\">para leitura <\/span><span style=\"font-family: FreeSerif, serif;\">no site do Vaticano, <\/span><span style=\"font-family: FreeSerif, serif;\">e, <\/span><span style=\"font-family: FreeSerif, serif;\">portanto, sem qualquer pretens\u00e3o de desfazer a cren\u00e7a dessa igreja de que Jesus \u00e9 Deus e da exist\u00eancia de uma trindade, <\/span><span style=\"font-family: FreeSerif, serif;\">rompeu com as vers\u00f5es latinas anteriores e destoa<\/span><span style=\"font-family: FreeSerif, serif;\">ndo<\/span> <span style=\"font-family: FreeSerif, serif;\">d<\/span><span style=\"font-family: FreeSerif, serif;\">as novas vers\u00f5es <\/span><span style=\"font-family: FreeSerif, serif;\">gregas <\/span><span style=\"font-family: FreeSerif, serif;\">recentemente produzidas<\/span><span style=\"font-family: FreeSerif, serif;\">,<\/span> <span style=\"font-family: FreeSerif, serif;\">verteu <\/span><span style=\"font-family: FreeSerif, serif;\">assim o texto: \u201c<\/span><span style=\"font-family: FreeSerif, serif;\"><i>quoniam <\/i><\/span><strong><span style=\"font-family: FreeSerif, serif;\"><i>Dominus<\/i><\/span><\/strong><span style=\"font-family: FreeSerif, serif;\"><i>\u00a0semel populum de terra Aegypti salvans, secundo eos, qui non crediderunt, perdidit<\/i><\/span><span style=\"font-family: FreeSerif, serif;\">\u201d<a class=\"sdfootnoteanc\" href=\"#sdfootnote9sym\" name=\"sdfootnote9anc\"><sup>9<\/sup><\/a><\/span><span style=\"font-family: FreeSerif, serif;\">. <\/span><span style=\"font-family: FreeSerif, serif;\">Dominus \u00e9 a palavra latina para \u201cSenhor\u201d, <\/span><span style=\"font-family: FreeSerif, serif;\">o que permite entender que foi o Pai o referenciado nesse verso<\/span><span style=\"font-family: FreeSerif, serif;\">.<\/span><\/p>\n<p class=\"western\" align=\"justify\"><span style=\"font-family: FreeSerif, serif;\">Roger Omanson, especialista em cr\u00edtica textual,\u00a0<\/span><span style=\"font-family: FreeSerif, serif;\">comentando esse texto de Jd. 5,<\/span><span style=\"font-family: FreeSerif, serif;\"> reconhece que apesar de<\/span><span style=\"font-family: FreeSerif, serif;\"> \u1f38\u03b7\u03c3\u03bf\u1fe6\u03c2 <\/span><span style=\"font-family: FreeSerif, serif;\">ter apoio s\u00f3lido em determinados manuscritos <\/span><span style=\"font-family: FreeSerif, serif;\">(<\/span><span style=\"font-family: FreeSerif, serif;\">mas, <\/span><span style=\"font-family: FreeSerif, serif;\">o mesmo pode ser dito da variante <\/span><span style=\"font-family: FreeSerif, serif;\">\u03ba\u03cd\u03c1\u03b9\u03bf\u03c2, <\/span><span style=\"font-family: FreeSerif, serif;\">pois h\u00e1 muitos manuscritos que a apoia)<\/span><span style=\"font-family: FreeSerif, serif;\">,<\/span>\u00a0alega que\u00a0<span style=\"font-family: FreeSerif, serif;\">\u1f38\u03b7\u03c3\u03bf\u1fe6\u03c2<\/span><span style=\"font-family: FreeSerif, serif;\"> \u00e9 \u201c<\/span><span style=\"font-family: FreeSerif, serif;\"><i>demasiadamente dif\u00edcil. <\/i><\/span><span style=\"font-family: FreeSerif, serif;\"><i>\u00c9 pouco prov\u00e1vel que o autor fizesse refer\u00eancia a Jesus num contexto em que escreve a respeito da reden\u00e7\u00e3o do povo de Israel do Egito (veja, no entanto, 1Co. 10.4). Al\u00e9m disso, em momento algum o autor desta carta se refere a \u2018Jesus\u2019 usando apenas este nome; ele sempre diz \u2018Jesus Cristo\u2019. \u00c9 prov\u00e1vel que o nome <\/i><\/span><span style=\"font-family: FreeSerif, serif;\"><i>\u1f38\u03b7\u03c3\u03bf\u1fe6\u03c2<\/i><\/span><span style=\"font-family: FreeSerif, serif;\"><i> tenha sido inserido nesse texto por um copista que tenha feito confus\u00e3o entre duas ab<\/i><\/span><span style=\"font-family: FreeSerif, serif;\"><i>r<\/i><\/span><span style=\"font-family: FreeSerif, serif;\"><i>eviaturas de nomes, pensando que <\/i><\/span><span style=\"font-family: FreeSerif, serif;\">KC<\/span><span style=\"font-family: FreeSerif, serif;\"><i> (<\/i><\/span><span style=\"font-family: FreeSerif, serif;\"><i>\u03ba\u03cd\u03c1\u03b9\u03bf\u03c2<\/i><\/span><span style=\"font-family: FreeSerif, serif;\"><i>) fosse<\/i><\/span> <span style=\"font-family: FreeSerif, serif;\">IC<\/span> <span style=\"font-family: FreeSerif, serif;\"><i>(<\/i><\/span><span style=\"font-family: FreeSerif, serif;\"><i>\u1f38\u03b7\u03c3\u03bf\u1fe6\u03c2<\/i><\/span><span style=\"font-family: FreeSerif, serif;\"><i>).<\/i><\/span><span style=\"font-family: FreeSerif, serif;\">\u201d<a class=\"sdfootnoteanc\" href=\"#sdfootnote10sym\" name=\"sdfootnote10anc\"><sup>10<\/sup><\/a> <\/span><\/p>\n<p class=\"western\" align=\"justify\"><span style=\"font-family: FreeSerif, serif;\">Outra evid\u00eancia interna em favor de <\/span><span style=\"font-family: FreeSerif, serif;\"><i>\u03ba\u03cd\u03c1\u03b9\u03bf\u03c2<\/i><\/span><span style=\"font-family: FreeSerif, serif;\"> pode ser trazida \u00e0 baila. Al\u00e9m de Judas nunca usar o nome de Jesus isolado em sua ep\u00edstola, ou seja, ele sempre usa nomes compostos para o Filho de Deus como \u201cJesus Cristo\u201d ou \u201cSenhor Jesus Cristo\u201d, Judas tamb\u00e9m d\u00e1 indicativos que tende a <\/span><span style=\"font-family: FreeSerif, serif;\">usar <\/span><span style=\"font-family: FreeSerif, serif;\"><i>\u03ba\u03cd\u03c1\u03b9\u03bf\u03c2 <\/i><\/span><span style=\"font-family: FreeSerif, serif;\">(Senhor)<\/span> <span style=\"font-family: FreeSerif, serif;\">quando se depara com refer\u00eancias atribu\u00eddas a Deus.<\/span><span style=\"font-family: FreeSerif, serif;\">\u00a0Por exemplo, <\/span><span style=\"font-family: FreeSerif, serif;\">ao citar o<\/span><span style=\"font-family: FreeSerif, serif;\"> Livro d<\/span><span style=\"font-family: FreeSerif, serif;\">e Enoque <\/span><span style=\"font-family: FreeSerif, serif;\">1.8-12\u00a0<\/span><span style=\"font-family: FreeSerif, serif;\">nos versos 14 e 15 <\/span><span style=\"font-family: FreeSerif, serif;\">da ep\u00edstola (<\/span><span style=\"font-family: FreeSerif, serif;\">tamb\u00e9m em ambiente de julgamento <\/span><span style=\"font-family: FreeSerif, serif;\">como Jd. 5<\/span><span style=\"font-family: FreeSerif, serif;\">)<\/span><span style=\"font-family: FreeSerif, serif;\">, ele troca o uso de <\/span><span style=\"font-family: FreeSerif, serif;\">palavra<\/span><span style=\"font-family: FreeSerif, serif;\"> \u201cDeus\u201d por \u201cSenhor\u201d. <\/span><span style=\"font-family: FreeSerif, serif;\">O mesmo pode ter ocorrido na refer\u00eancia a Yahweh no evento da liberta\u00e7\u00e3o do povo de Israel do Egito <\/span><span style=\"font-family: FreeSerif, serif;\">onde Judas escreveu \u201cSenhor\u201d<\/span><span style=\"font-family: FreeSerif, serif;\">. <\/span><span style=\"font-family: FreeSerif, serif;\">\u00c9 uma sugest\u00e3o <\/span><span style=\"font-family: FreeSerif, serif;\">com melhor grau de razoabilidade<\/span><span style=\"font-family: FreeSerif, serif;\"> que e<\/span><span style=\"font-family: FreeSerif, serif;\">ssa variante, onde aparece &#8220;Senhor&#8221;, seja a mais prov\u00e1vel para o texto.<\/span><\/p>\n<p align=\"justify\">_________________<\/p>\n<p style=\"font-size: 12px\">\n<div id=\"sdfootnote1\">\n<p class=\"sdfootnote-western\"><a class=\"sdfootnotesym\" href=\"#sdfootnote1anc\" name=\"sdfootnote1sym\">1<\/a> B\u00edblia de Jerusal\u00e9m, 8\u00aa Ed. 2012<\/p>\n<\/div>\n<div id=\"sdfootnote2\">\n<p class=\"sdfootnote-western\"><a class=\"sdfootnotesym\" href=\"#sdfootnote3anc\" name=\"sdfootnote3sym\">2<\/a>\u00a0Sociedade B\u00edblia Alem\u00e3. A 5\u00aa edi\u00e7\u00e3o \u00e9 publicada no Brasil pela Sociedade B\u00edblica do Brasil, e, eventualmente, pode ser mencionada como USB5.<\/p>\n<\/div>\n<div id=\"sdfootnote4\">\n<p class=\"sdfootnote-western\"><a class=\"sdfootnotesym\" href=\"#sdfootnote4anc\" name=\"sdfootnote4sym\">3<\/a>\u00a0A Comiss\u00e3o, apesar de apresentar \u201c\u03ba\u03cd\u03c1\u03b9\u03bf\u03c2\u201d em todas as outras vers\u00f5es do Texto Grego, considera essa palavra com classifica\u00e7\u00e3o \u201cD\u201d.<\/p>\n<\/div>\n<div id=\"sdfootnote5\">\n<p class=\"sdfootnote-western\"><a class=\"sdfootnotesym\" href=\"#sdfootnote5anc\" name=\"sdfootnote5sym\">4<\/a>\u00a0https:\/\/net.bible.org\/#!bible\/Jude+1<\/p>\n<\/div>\n<div id=\"sdfootnote6\">\n<p class=\"sdfootnote-western\"><a class=\"sdfootnotesym\" href=\"#sdfootnote6anc\" name=\"sdfootnote6sym\">5<\/a>\u00a0Tamb\u00e9m a English Standard Version (ESV); New Living Translation (NLT) edi\u00e7\u00e3o de 2015; Christian Standard Bible , edi\u00e7\u00e3o de 2017.<\/p>\n<\/div>\n<div id=\"sdfootnote7\">\n<p class=\"sdfootnote-western\"><a class=\"sdfootnotesym\" href=\"#sdfootnote7anc\" name=\"sdfootnote7sym\">6\u00a0<\/a>Acerca desse manuscrito as notas introdut\u00f3rias do USB5 diz \u201c<i>O manuscrito 33 ainda \u00e9 uma testemunha citada de forma consistente, <\/i><i><u>n\u00e3o devido \u00e0 sua relev\u00e2ncia para a reconstru\u00e7\u00e3o do texto<\/u><\/i><i>, mas porque traz leituras especiais interessantes.<\/i>\u201d (destaquei), p\u00e1g. xvi. Certamente, uma dessas leituras se encontra em Judas v.5.<\/p>\n<\/div>\n<div id=\"sdfootnote8\">\n<p class=\"sdfootnote-western\"><a class=\"sdfootnotesym\" href=\"#sdfootnote8anc\" name=\"sdfootnote8sym\">7<\/a>\u00a0Refer\u00eancias de atua\u00e7\u00e3o de Jesus no Antigo Testamento s\u00e3o figuradas como, por exemplo, Jo. 8.56 quando diz que Abra\u00e3o viu o dia de Jesus (certamente uma alus\u00e3o ao cordeiro preso pelos chifres que permitiu a salva\u00e7\u00e3o de Isaque); ou I Co. 10.4 onde se diz que a pedra, que verteu \u00e1gua, era Cristo, aqui, sem d\u00favida, a l\u00ednguagem n\u00e3o \u00e9 de uma atua\u00e7\u00e3o pessoal de Jesus.<\/p>\n<\/div>\n<div id=\"sdfootnote9\">\n<p class=\"sdfootnote-western\"><a class=\"sdfootnotesym\" href=\"#sdfootnote9anc\" name=\"sdfootnote9sym\">8<\/a>\u00a0http:\/\/www.vatican.va\/archive\/bible\/nova_vulgata\/documents\/nova-vulgata_nt_epist-iudae_lt.html<\/p>\n<\/div>\n<div id=\"sdfootnote10\">\n<p class=\"sdfootnote-western\"><a class=\"sdfootnotesym\" href=\"#sdfootnote10anc\" name=\"sdfootnote10sym\">9<\/a>\u00a0Variantes Textuais do Novo Testamento de Roger L. Omanson &#8211; Sociedade B\u00edblica do Brasil, 2010, p\u00e1gs. 541 e 542<\/p>\n<\/div>\n","protected":false},"excerpt":{"rendered":"<p>Jd. v. 5. \u00c0s vezes, aqueles que defendem a n\u00e3o exist\u00eancia de uma trindade nas Escrituras criticam determinadas formas como certos vers\u00edculos s\u00e3o apresentados nas vers\u00f5es populares, e, ao fazerem isso, s\u00e3o acusados de somente poderem defender suas posi\u00e7\u00f5es afirmando que h\u00e1 problemas com as B\u00edblias atuais. Essa \u00e9 uma acusa\u00e7\u00e3o injusta porque n\u00e3o \u00e9 [&hellip;]<\/p>\n","protected":false},"author":1,"featured_media":0,"comment_status":"closed","ping_status":"open","sticky":false,"template":"","format":"standard","meta":{"footnotes":""},"categories":[4],"tags":[],"class_list":["post-1009","post","type-post","status-publish","format-standard","hentry","category-versiculos-comentados"],"_links":{"self":[{"href":"https:\/\/www.unitarismobiblico.com\/w\/wp-json\/wp\/v2\/posts\/1009","targetHints":{"allow":["GET"]}}],"collection":[{"href":"https:\/\/www.unitarismobiblico.com\/w\/wp-json\/wp\/v2\/posts"}],"about":[{"href":"https:\/\/www.unitarismobiblico.com\/w\/wp-json\/wp\/v2\/types\/post"}],"author":[{"embeddable":true,"href":"https:\/\/www.unitarismobiblico.com\/w\/wp-json\/wp\/v2\/users\/1"}],"replies":[{"embeddable":true,"href":"https:\/\/www.unitarismobiblico.com\/w\/wp-json\/wp\/v2\/comments?post=1009"}],"version-history":[{"count":28,"href":"https:\/\/www.unitarismobiblico.com\/w\/wp-json\/wp\/v2\/posts\/1009\/revisions"}],"predecessor-version":[{"id":1011,"href":"https:\/\/www.unitarismobiblico.com\/w\/wp-json\/wp\/v2\/posts\/1009\/revisions\/1011"}],"wp:attachment":[{"href":"https:\/\/www.unitarismobiblico.com\/w\/wp-json\/wp\/v2\/media?parent=1009"}],"wp:term":[{"taxonomy":"category","embeddable":true,"href":"https:\/\/www.unitarismobiblico.com\/w\/wp-json\/wp\/v2\/categories?post=1009"},{"taxonomy":"post_tag","embeddable":true,"href":"https:\/\/www.unitarismobiblico.com\/w\/wp-json\/wp\/v2\/tags?post=1009"}],"curies":[{"name":"wp","href":"https:\/\/api.w.org\/{rel}","templated":true}]}}