{"id":1091,"date":"2022-03-04T18:53:27","date_gmt":"2022-03-04T21:53:27","guid":{"rendered":"http:\/\/www.unitarismobiblico.com\/w\/?p=1091"},"modified":"2024-06-02T10:54:30","modified_gmt":"2024-06-02T13:54:30","slug":"nao-ha-oracao-expressa-a-jesus-no-nt","status":"publish","type":"post","link":"https:\/\/www.unitarismobiblico.com\/w\/2022\/03\/04\/nao-ha-oracao-expressa-a-jesus-no-nt\/","title":{"rendered":"N\u00e3o h\u00e1 ora\u00e7\u00e3o expressa a Jesus no NT"},"content":{"rendered":"<p align=\"center\"><span style=\"font-family: FreeSerif, serif;\">N\u00c3O H\u00c1 ORA\u00c7\u00c3O EXPRESSA A JESUS NO NT. <\/span><\/p>\n<p align=\"justify\"><span style=\"font-family: FreeSerif, serif;\">Apesar de n\u00e3o haver nenhum problema que algu\u00e9m se dirija a Cristo, considerando que ele est\u00e1 vivo, presente entre os seus, e \u00e9 mediador entre Deus e os homens; foi o pr\u00f3prio Senhor Jesus que nos ensinou como devemos orar. E seu ensino quando a isso \u00e9 que nossos rogos em ora\u00e7\u00e3o sejam dirigidos ao Pai.<\/span><\/p>\n<p align=\"justify\"><span style=\"font-family: FreeSerif, serif;\">Quando falamos de ora\u00e7\u00e3o, reconhecida como tal, em todas as ocorr\u00eancias a palavra usada para \u201corar\u201d \u00e9 \u03c0\u03c1\u03bf\u03c3\u03b5\u03c5\u03c7\u03bf\u03bc\u03b1\u03b9 (proseuchomai) ou uma de suas derivadas. Essa palavra nunca \u00e9 aplicada pelos disc\u00edpulos a Jesus, nem em vida, nem ap\u00f3s sua ressurrei\u00e7\u00e3o. \u00c9 sempre aplicada no relacionamento dos disc\u00edpulos e ap\u00f3stolos para com Deus, e, tamb\u00e9m, de Jesus para com Deus.<\/span><\/p>\n<p align=\"justify\"><span style=\"font-family: FreeSerif, serif;\">Para defender a deidade de Jesus <\/span><span style=\"font-family: FreeSerif, serif;\">alguns <\/span><span style=\"font-family: FreeSerif, serif;\">dir\u00e3o que ora\u00e7\u00f5es tamb\u00e9m eram direcionadas a Jesus e<\/span><span style=\"font-family: FreeSerif, serif;\"> pensar\u00e3o em <\/span><span style=\"font-family: FreeSerif, serif;\">Jo. 14.14 onde <\/span><span style=\"font-family: FreeSerif, serif;\">n<\/span><span style=\"font-family: FreeSerif, serif;\">a A<\/span><span style=\"font-family: FreeSerif, serif;\">R<\/span><span style=\"font-family: FreeSerif, serif;\">A reza: \u201c<\/span><span style=\"font-family: FreeSerif, serif;\"><i>Se <\/i><\/span><span style=\"font-family: FreeSerif, serif;\"><i><u><b>me<\/b><\/u><\/i><\/span><span style=\"font-family: FreeSerif, serif;\"><i> pedirdes alguma coisa em meu nome, eu o farei.<\/i><\/span><span style=\"font-family: FreeSerif, serif;\">\u201d (destaquei), <\/span><span style=\"font-family: FreeSerif, serif;\">o<\/span><span style=\"font-family: FreeSerif, serif;\">nde o \u201cME\u201d parece sugerir que Jesus nos ensina orar a ele <\/span><span style=\"font-family: FreeSerif, serif;\">em seu pr\u00f3prio nome <\/span><span style=\"font-family: FreeSerif, serif;\">para obten\u00e7\u00e3o das coisas, <\/span><span style=\"font-family: FreeSerif, serif;\">contrastando com Jo. 16.23 <\/span><span style=\"font-family: FreeSerif, serif;\">ou Mt. 6.9 <\/span><span style=\"font-family: FreeSerif, serif;\">onde ele nos ensina orar ao Pai<\/span><span style=\"font-family: FreeSerif, serif;\">. De fato, <\/span><span style=\"font-family: FreeSerif, serif;\">com a reda\u00e7\u00e3o proposta pela ARA <\/span><span style=\"font-family: FreeSerif, serif;\">a conclus\u00e3o <\/span><span style=\"font-family: FreeSerif, serif;\">de um ensino de que <\/span><span style=\"font-family: FreeSerif, serif;\">devemos <\/span><span style=\"font-family: FreeSerif, serif;\">o<\/span><span style=\"font-family: FreeSerif, serif;\">r<\/span><span style=\"font-family: FreeSerif, serif;\">ar<\/span><span style=\"font-family: FreeSerif, serif;\"> a Jesus parece ser poss\u00edvel<\/span><span style=\"font-family: FreeSerif, serif;\">. Mas, leitores de outras vers\u00f5es da B\u00edblia teriam um entendimento diferente. A ACF, por exemplo, reza: \u201c<\/span><span style=\"font-family: FreeSerif, serif;\"><i>Se pedirdes alguma coisa em meu nome, eu o farei.<\/i><\/span><span style=\"font-family: FreeSerif, serif;\">\u201d <\/span><span style=\"font-family: FreeSerif, serif;\">A famosa KJV (King James Version) traduz: \u201c<\/span><span style=\"font-family: FreeSerif, serif;\"><i>If ye shall ask any thing in my name, I will do it<\/i><\/span><span style=\"font-family: FreeSerif, serif;\">\u201d. Em ambas <\/span><span style=\"font-family: FreeSerif, serif;\">est\u00e1 ausente o \u201c<\/span><span style=\"font-family: FreeSerif, serif;\"><i><b>me<\/b><\/i><\/span><span style=\"font-family: FreeSerif, serif;\">\u201d, e com essa aus\u00eancia a sugest\u00e3o de que dever\u00edamos orar a Jesus desaparece <\/span><span style=\"font-family: FreeSerif, serif;\">e indica que Jesus <\/span><span style=\"font-family: FreeSerif, serif;\">seria aquele que executaria p<\/span><span style=\"font-family: FreeSerif, serif;\">ara n\u00f3s aquilo que foi pedido ao Pai. <\/span><span style=\"font-family: FreeSerif, serif;\">A NIV traduziu \u201c<\/span><span style=\"font-family: FreeSerif, serif;\"><i>O que voc\u00eas pedirem em meu nome, eu farei<\/i><\/span><span style=\"font-family: FreeSerif, serif;\">\u201d, sem o \u201c<\/span><span style=\"font-family: FreeSerif, serif;\"><i><b>me<\/b><\/i><\/span><span style=\"font-family: FreeSerif, serif;\">\u201d. <\/span><span style=\"font-family: FreeSerif, serif;\">Tamb\u00e9m, a<\/span><span style=\"font-family: FreeSerif, serif;\"> B\u00edblia Viva traz: \u201c<\/span><span style=\"font-family: FreeSerif, serif;\"><i>Sim, pe\u00e7am qualquer coisa, em Meu nome, e Eu o farei!<\/i><\/span><span style=\"font-family: FreeSerif, serif;\">\u201d. <\/span><span style=\"font-family: FreeSerif, serif;\">A<\/span><span style=\"font-family: FreeSerif, serif;\"> Confedera\u00e7\u00e3o Nacional dos Bispos do Brasil (CNBB) tamb\u00e9m <\/span><span style=\"font-family: FreeSerif, serif;\">traduz<\/span><span style=\"font-family: FreeSerif, serif;\"> o verso sem esse pronome: \u201c<\/span><span style=\"font-family: FreeSerif, serif;\"><i>Se pedirdes algo em meu nome, eu o farei<\/i><\/span><span style=\"font-family: FreeSerif, serif;\">\u201d. Jesus, <\/span><span style=\"font-family: FreeSerif, serif;\">nesses textos, \u00e9<\/span><span style=\"font-family: FreeSerif, serif;\"> o instrumento para <\/span><span style=\"font-family: FreeSerif, serif;\">atendimento<\/span><span style=\"font-family: FreeSerif, serif;\"> das ora\u00e7\u00f5es dirigidas ao Pai. <\/span><\/p>\n<p align=\"justify\"><span style=\"font-family: FreeSerif, serif;\">Essas diferentes tradu\u00e7\u00f5es imp\u00f5em questionamentos do porqu<\/span><span style=\"font-family: FreeSerif, serif;\">\u00ea<\/span><span style=\"font-family: FreeSerif, serif;\"> da exist\u00eancia de<\/span><span style=\"font-family: FreeSerif, serif;\">las<\/span><span style=\"font-family: FreeSerif, serif;\">. <\/span><span style=\"font-family: FreeSerif, serif;\">Essas diferen\u00e7as t\u00eam<\/span><span style=\"font-family: FreeSerif, serif;\"> a ver com os manuscritos adotados. A ARA usa o TC e a ACF usa o TR. A B\u00edblia publicada pela CNBB, <\/span><span style=\"font-family: FreeSerif, serif;\">edi\u00e7\u00e3o<\/span><span style=\"font-family: FreeSerif, serif;\"> cat\u00f3lica, <\/span><span style=\"font-family: FreeSerif, serif;\"> a NVI <\/span><span style=\"font-family: FreeSerif, serif;\">e a B\u00edblia Viva<\/span><span style=\"font-family: FreeSerif, serif;\">, edi\u00e7<\/span><span style=\"font-family: FreeSerif, serif;\">\u00f5es<\/span><span style=\"font-family: FreeSerif, serif;\"> protestante<\/span><span style=\"font-family: FreeSerif, serif;\">s<\/span><span style=\"font-family: FreeSerif, serif;\">, <\/span><span style=\"font-family: FreeSerif, serif;\">apesar de usar<\/span><span style=\"font-family: FreeSerif, serif;\">em<\/span><span style=\"font-family: FreeSerif, serif;\"> o TC <\/span><span style=\"font-family: FreeSerif, serif;\">como base,<\/span><span style=\"font-family: FreeSerif, serif;\"> seguiu nesse verso o TR. <\/span><span style=\"font-family: FreeSerif, serif;\">Por que ser\u00e1?<\/span><\/p>\n<p align=\"justify\"><span style=\"font-family: FreeSerif, serif;\">Textos gregos antigos como o <\/span><span style=\"font-family: FreeSerif, serif;\">P<\/span><sup><span style=\"font-family: FreeSerif, serif;\">66<\/span><\/sup><span style=\"font-family: FreeSerif, serif;\">, <\/span><span style=\"font-family: FreeSerif, serif;\">que apresenta o \u201cme\u201d,<\/span> <span style=\"font-family: FreeSerif, serif;\">datado do segundo s\u00e9culo, pode ser requerido como uma forte testemunha da legitimidade da leitura com <\/span><span style=\"font-family: FreeSerif, serif;\">o \u201cme\u201d. <\/span><span style=\"font-family: FreeSerif, serif;\">No entanto, o papiro <\/span><span style=\"font-family: FreeSerif, serif;\">P<\/span><sup><span style=\"font-family: FreeSerif, serif;\">66<\/span><\/sup><span style=\"font-family: FreeSerif, serif;\"> n\u00e3o \u00e9 o melhor representante de uma boa c\u00f3pia. <\/span><span style=\"font-family: FreeSerif, serif;\">O<\/span><span style=\"font-family: FreeSerif, serif;\"> Dr. Norman Wilbur Pickering<a class=\"sdfootnoteanc\" href=\"#sdfootnote1sym\" name=\"sdfootnote1anc\"><sup>1<\/sup><\/a>, <\/span><span style=\"font-family: FreeSerif, serif;\">citando <\/span><span style=\"font-family: FreeSerif, serif;\">Colwell, <\/span><span style=\"font-family: FreeSerif, serif;\">informa que <\/span><span style=\"font-family: FreeSerif, serif;\">\u201c<\/span><span style=\"font-family: FreeSerif, serif;\"><i>Ele localizou e revelou que <\/i><\/span><span style=\"font-family: FreeSerif, serif;\"><i>P<\/i><\/span><sup><span style=\"font-family: FreeSerif, serif;\"><i>66<\/i><\/span><\/sup><span style=\"font-family: FreeSerif, serif;\"><i> tem 400 itacismos<\/i><\/span><span style=\"font-family: FreeSerif, serif;\"><i><a class=\"sdfootnoteanc\" href=\"#sdfootnote2sym\" name=\"sdfootnote2anc\"><sup>2<\/sup><\/a><\/i><\/span><i> <\/i><span style=\"font-family: FreeSerif, serif;\"><i><u><b>mais 482 leituras singulares<\/b><\/u><\/i><\/span><span style=\"font-family: FreeSerif, serif;\"><i><a class=\"sdfootnoteanc\" href=\"#sdfootnote3sym\" name=\"sdfootnote3anc\"><sup>3<\/sup><\/a><\/i><\/span><i> <\/i><span style=\"font-family: FreeSerif, serif;\"><i><u><b>outras, 40 por cento das quais s\u00e3o sem sentido.<\/b><\/u><\/i><\/span><i> <\/i><span style=\"font-family: FreeSerif, serif;\"><i><u><b>&#8216;<\/b><\/u><\/i><\/span><span style=\"font-family: FreeSerif, serif;\"><i><u><b>P<\/b><\/u><\/i><\/span><sup><span style=\"font-family: FreeSerif, serif;\"><i><u><b>66<\/b><\/u><\/i><\/span><\/sup><span style=\"font-family: FreeSerif, serif;\"><i><u><b> edita [i.e, introduz as opini\u00f5es do copista]<\/b><\/u><\/i><\/span><span style=\"font-family: FreeSerif, serif;\"><i>, como faz com todo o mais \u2013 de forma desleixada&#8217;. Em suma, <\/i><\/span><span style=\"font-family: FreeSerif, serif;\"><i>P<\/i><\/span><sup><span style=\"font-family: FreeSerif, serif;\"><i>66<\/i><\/span><\/sup><span style=\"font-family: FreeSerif, serif;\"><i> \u00e9 uma c\u00f3pia extremamente ruim.<\/i><\/span><span style=\"font-family: FreeSerif, serif;\">\u201d <\/span><span style=\"font-family: FreeSerif, serif;\">(fiz os destaques).<\/span> <span style=\"font-family: FreeSerif, serif;\">Existem outros textos posteriores a <\/span><span style=\"font-family: FreeSerif, serif;\">P<\/span><sup><span style=\"font-family: FreeSerif, serif;\">66<\/span><\/sup><span style=\"font-family: FreeSerif, serif;\"> que tamb\u00e9m apresentam o \u201cm<\/span><span style=\"font-family: FreeSerif, serif;\">e\u201d: <\/span><span style=\"font-family: 'Lucida Sans';\"><span lang=\"hi-IN\"><span style=\"font-family: FreeSerif, serif;\">\u05d0<\/span><\/span><\/span><span style=\"font-family: FreeSerif, serif;\">, B,W, \u0394, \u0398, f e etc<\/span><span style=\"font-family: FreeSerif, serif;\">. <\/span><span style=\"font-family: FreeSerif, serif;\">Isso, somando ao fato de que os cr\u00edticos textuais postulam que a leitura mais dif\u00edcil deve ser a preferida, ou seja, consideram que por ser a menos prov\u00e1vel, <\/span><span style=\"font-family: FreeSerif, serif;\">ou a mais incomum,<\/span><span style=\"font-family: FreeSerif, serif;\"> deve ser a escolhida como verdadeira, <\/span><span style=\"font-family: FreeSerif, serif;\">mas, por conta da dificuldade da exist\u00eancia de uma leitura como essa, <\/span><span style=\"font-family: FreeSerif, serif;\">tem feito com que o grau de certeza para o \u201cme\u201d seja classificado como \u201cB\u201d, onde \u201cA\u201d seria <\/span><span style=\"font-family: FreeSerif, serif;\">de aceita\u00e7\u00e3o pac\u00edfica<\/span><span style=\"font-family: FreeSerif, serif;\">. <\/span><span style=\"font-family: FreeSerif, serif;\">Mas, esse \u00e9 um detalhe importante<\/span><span style=\"font-family: FreeSerif, serif;\">, <\/span><span style=\"font-family: FreeSerif, serif;\">se <\/span><span style=\"font-family: FreeSerif, serif;\">\u201cA\u201d \u00e9 <\/span><span style=\"font-family: FreeSerif, serif;\">verdadeiramente a<\/span><span style=\"font-family: FreeSerif, serif;\"> certeza,<\/span><span style=\"font-family: FreeSerif, serif;\"> \u201cB\u201d <\/span><span style=\"font-family: FreeSerif, serif;\">n\u00e3o pode ser tomado como <\/span><span style=\"font-family: FreeSerif, serif;\">certo. <\/span><\/p>\n<p align=\"justify\"><span style=\"font-family: FreeSerif, serif;\">Sem d\u00favidas<\/span><span style=\"font-family: FreeSerif, serif;\"> c\u00f3pias que tenham seguido <\/span><span style=\"font-family: FreeSerif, serif;\">P<\/span><sup><span style=\"font-family: FreeSerif, serif;\"><i>66<\/i><\/span><\/sup> <span style=\"font-family: FreeSerif, serif;\">podem ter reproduzido seus erros, inclusive nessa leitura singular onde se <\/span><span style=\"font-family: FreeSerif, serif;\">t<\/span><span style=\"font-family: FreeSerif, serif;\">eria:<\/span><span style=\"font-family: FreeSerif, serif;\"> \u201c<\/span><span style=\"font-family: FreeSerif, serif;\"><i>Se <\/i><\/span><span style=\"font-family: FreeSerif, serif;\"><i><u><b>me<\/b><\/u><\/i><\/span><span style=\"font-family: FreeSerif, serif;\"><i> pedirdes &#8230; <\/i><\/span><span style=\"font-family: FreeSerif, serif;\"><i>em <\/i><\/span><span style=\"font-family: FreeSerif, serif;\"><i>meu nome.<\/i><\/span><span style=\"font-family: FreeSerif, serif;\">\u201d<\/span> <span style=\"font-family: FreeSerif, serif;\">Algu\u00e9m ensinar que devemos pedir a ele, no nome dele <\/span><span style=\"font-family: FreeSerif, serif;\">mesmo<\/span><span style=\"font-family: FreeSerif, serif;\"> \u00e9, de fato, uma sugest\u00e3o incomum <\/span><span style=\"font-family: FreeSerif, serif;\">e absolutamente desnecess\u00e1ria; <\/span><span style=\"font-family: FreeSerif, serif;\">p<\/span><span style=\"font-family: FreeSerif, serif;\">rincipalmente quando o mesmo nos ensina<\/span><span style=\"font-family: FreeSerif, serif;\"> a orar a seu Pai, em nome dele, <\/span><span style=\"font-family: FreeSerif, serif;\">em<\/span><span style=\"font-family: FreeSerif, serif;\"> muitas<\/span><span style=\"font-family: FreeSerif, serif;\"> outras ocorr\u00eancias. <\/span><span style=\"font-family: FreeSerif, serif;\">Sermos ensinados pelo Filho a orar a Deus em nome de seu Filho, faz sentido, mas ensinados pelo Filho <\/span><span style=\"font-family: FreeSerif, serif;\">a pedirmos ao Filho <\/span><span style=\"font-family: FreeSerif, serif;\">em nome do pr\u00f3prio Filho \u00e9 descabido <\/span><span style=\"font-family: FreeSerif, serif;\">ao extremo<\/span><span style=\"font-family: FreeSerif, serif;\"> e n\u00e3o usual.<\/span><\/p>\n<p align=\"justify\"><span style=\"font-family: FreeSerif, serif;\">Deve-se destacar, <\/span><span style=\"font-family: FreeSerif, serif;\">tamb\u00e9m,<\/span><span style=\"font-family: FreeSerif, serif;\"> que outras c\u00f3pias <\/span><span style=\"font-family: FreeSerif, serif;\">gregas <\/span><span style=\"font-family: FreeSerif, serif;\">igualmente antigas <\/span><span style=\"font-family: FreeSerif, serif;\">n\u00e3o apresentam o \u201c<\/span><span style=\"font-family: FreeSerif, serif;\"><i><b>me<\/b><\/i><\/span><span style=\"font-family: FreeSerif, serif;\">\u201d:<\/span> <span style=\"font-family: FreeSerif, serif;\">A, D, K, L, \u03a0, \u03a8 , Byz<\/span><span style=\"font-family: FreeSerif, serif;\">, dentre outros. <\/span><span style=\"font-family: FreeSerif, serif;\">An<\/span><span style=\"font-family: FreeSerif, serif;\">tigos pensadores crist\u00e3os como Cirilo, Vitorino-Romano <\/span><span style=\"font-family: FreeSerif, serif;\">e Agostinh<\/span><span style=\"font-family: FreeSerif, serif;\">o <\/span><span style=\"font-family: FreeSerif, serif;\">citaram o texto sem o \u201cme\u201d<\/span><span style=\"font-family: FreeSerif, serif;\">. A vers\u00e3o copta Sahidic <\/span><span style=\"font-family: FreeSerif, serif;\">\u0404\u03a4\u0404\u03a4\u039d\u03e2\u0391\u039d\u0391\u0399\u03a4\u0404\u0399 \u039d\u039f\u03a5\u03e8\u0428\u0392 \u03e8\u039c \u03a0\u0391\u03a1\u0391\u039d \u03a0\u0391\u0399 \u03ef\u039d\u0391\u0391\u0391\u03e4, <\/span><span style=\"font-family: FreeSerif, serif;\">que data entre o II e III s\u00e9culo diz: <\/span><span style=\"font-family: FreeSerif, serif;\">\u201cSe deve pedir qualquer coisa [pe\u00e7a] em meu nome e eu o farei.\u201d<\/span><\/p>\n<p align=\"justify\"><span style=\"font-family: FreeSerif, serif;\">O famoso gram\u00e1tico <\/span><span style=\"font-family: FreeSerif, serif;\">de grego<\/span><span style=\"font-family: FreeSerif, serif;\"> F. F. Bruce considera que \u201c<\/span><span style=\"font-family: FreeSerif, serif;\"><i>No vers<\/i><\/span><span style=\"font-family: FreeSerif, serif;\"><i>\u00ed<\/i><\/span><span style=\"font-family: FreeSerif, serif;\"><i>cu<\/i><\/span><span style=\"font-family: FreeSerif, serif;\"><i>l<\/i><\/span><span style=\"font-family: FreeSerif, serif;\"><i>o 14 a evid\u00eancia textual \u00e9 equilibrada entre manter ou omitir <\/i><\/span><span style=\"font-family: FreeSerif, serif;\"><i><b>me<\/b><\/i><\/span><span style=\"font-family: FreeSerif, serif;\"><i>; mas a l\u00f3gica e o pensamento aqui favorecem sua omiss\u00e3o, que realmente parece ser exigida pelo sentido claro de 16.23a<\/i><\/span><span style=\"font-family: FreeSerif, serif;\">\u201d.<a class=\"sdfootnoteanc\" href=\"#sdfootnote4sym\" name=\"sdfootnote4anc\"><sup>4<\/sup><\/a><\/span><\/p>\n<p align=\"justify\"><span style=\"font-family: FreeSerif, serif;\">Assim, temos textos antigos que atestam as duas variantes, mas somente uma \u00e9 plenamente contextual com os ensinos de Jesus que nos disse a quem devemos orar, o Pai.<\/span><\/p>\n<p align=\"justify\"><span style=\"font-family: FreeSerif, serif;\">\u00c9 prec\u00e1rio, realmente, sugerirmos que deva ser adotada uma variante, e, cuja aceita\u00e7\u00e3o n\u00e3o \u00e9 un\u00e2nime, como via apropriada para acreditarmos que Jesus nos ensinou orar a ele em seu pr\u00f3prio nome. Isso n\u00e3o aconteceu.<\/span><\/p>\n<hr \/>\n<div id=\"sdfootnote1\">\n<p class=\"sdfootnote\"><a class=\"sdfootnotesym\" href=\"#sdfootnote1anc\" name=\"sdfootnote1sym\">1<\/a><span style=\"font-family: FreeSerif, serif;\"><span style=\"font-size: small;\"> Em Qual o Texto Original do Novo Testamento.<\/span><\/span><\/p>\n<\/div>\n<div id=\"sdfootnote2\">\n<p class=\"sdfootnote\"><a class=\"sdfootnotesym\" href=\"#sdfootnote2anc\" name=\"sdfootnote2sym\">2<\/a><em><span style=\"font-family: FreeSerif, serif;\"><span style=\"font-size: small;\">Itacismo<\/span><\/span><\/em> <em><span style=\"font-family: FreeSerif, serif;\"><span style=\"font-size: small;\">ocorre quando h\u00e1<\/span><\/span><\/em><span style=\"font-family: FreeSerif, serif;\"><span style=\"font-size: small;\"> a substitui\u00e7\u00e3o de uma vogal ou um ditongo por outro que se pronuncia de forma igual ou muito parecida.<\/span><\/span><\/p>\n<\/div>\n<div id=\"sdfootnote3\">\n<p class=\"sdfootnote\"><a class=\"sdfootnotesym\" href=\"#sdfootnote3anc\" name=\"sdfootnote3sym\">3<\/a><span style=\"font-family: FreeSerif, serif;\"><span style=\"font-size: small;\"> Ou seja, encontrada apenas nele.<\/span><\/span><\/p>\n<\/div>\n<div id=\"sdfootnote4\">\n<p class=\"sdfootnote\"><a class=\"sdfootnotesym\" href=\"#sdfootnote4anc\" name=\"sdfootnote4sym\">4<\/a><span style=\"font-family: FreeSerif, serif;\"><span style=\"font-size: small;\"> F. F. Bruce em Jo\u00e3o: Introdu\u00e7\u00e3o e Coment\u00e1rio, Editora Mundo Crist\u00e3o, 1\u00aa Edi\u00e7\u00e3o, 1987, reimpress\u00e3o de 2014, p\u00e1g. 258<\/span><\/span><\/p>\n<\/div>\n","protected":false},"excerpt":{"rendered":"<p>N\u00c3O H\u00c1 ORA\u00c7\u00c3O EXPRESSA A JESUS NO NT. Apesar de n\u00e3o haver nenhum problema que algu\u00e9m se dirija a Cristo, considerando que ele est\u00e1 vivo, presente entre os seus, e \u00e9 mediador entre Deus e os homens; foi o pr\u00f3prio Senhor Jesus que nos ensinou como devemos orar. E seu ensino quando a isso \u00e9 [&hellip;]<\/p>\n","protected":false},"author":1,"featured_media":0,"comment_status":"closed","ping_status":"open","sticky":false,"template":"","format":"standard","meta":{"footnotes":""},"categories":[1],"tags":[],"class_list":["post-1091","post","type-post","status-publish","format-standard","hentry","category-sem-categoria"],"_links":{"self":[{"href":"https:\/\/www.unitarismobiblico.com\/w\/wp-json\/wp\/v2\/posts\/1091","targetHints":{"allow":["GET"]}}],"collection":[{"href":"https:\/\/www.unitarismobiblico.com\/w\/wp-json\/wp\/v2\/posts"}],"about":[{"href":"https:\/\/www.unitarismobiblico.com\/w\/wp-json\/wp\/v2\/types\/post"}],"author":[{"embeddable":true,"href":"https:\/\/www.unitarismobiblico.com\/w\/wp-json\/wp\/v2\/users\/1"}],"replies":[{"embeddable":true,"href":"https:\/\/www.unitarismobiblico.com\/w\/wp-json\/wp\/v2\/comments?post=1091"}],"version-history":[{"count":7,"href":"https:\/\/www.unitarismobiblico.com\/w\/wp-json\/wp\/v2\/posts\/1091\/revisions"}],"predecessor-version":[{"id":1130,"href":"https:\/\/www.unitarismobiblico.com\/w\/wp-json\/wp\/v2\/posts\/1091\/revisions\/1130"}],"wp:attachment":[{"href":"https:\/\/www.unitarismobiblico.com\/w\/wp-json\/wp\/v2\/media?parent=1091"}],"wp:term":[{"taxonomy":"category","embeddable":true,"href":"https:\/\/www.unitarismobiblico.com\/w\/wp-json\/wp\/v2\/categories?post=1091"},{"taxonomy":"post_tag","embeddable":true,"href":"https:\/\/www.unitarismobiblico.com\/w\/wp-json\/wp\/v2\/tags?post=1091"}],"curies":[{"name":"wp","href":"https:\/\/api.w.org\/{rel}","templated":true}]}}