{"id":348,"date":"2010-05-16T17:23:15","date_gmt":"2010-05-16T20:23:15","guid":{"rendered":"http:\/\/www.unitarismobiblico.com\/1\/?p=348"},"modified":"2010-05-16T17:23:15","modified_gmt":"2010-05-16T20:23:15","slug":"quem-era-jesus-segundo-ele-mesmo","status":"publish","type":"post","link":"https:\/\/www.unitarismobiblico.com\/w\/2010\/05\/16\/quem-era-jesus-segundo-ele-mesmo\/","title":{"rendered":"Quem era Jesus segundo ele mesmo?"},"content":{"rendered":"<h3><span style=\"font-weight: normal; font-size: 13px;\">Mt. 23.10 \u201c<em>um s\u00f3 \u00e9 o vosso Mestre, que \u00e9 o Cristo<\/em>\u201d<\/span><\/h3>\n<p>Lc. 4. 18 O Cristo \u201c<em>O Esp\u00edrito do Senhor \u00e9 sobre mim, Pois que me ungiu<\/em>\u201d<\/p>\n<p>Jo. 4.26 O Cristo \u201c<em>Eu o sou, eu que falo contigo<\/em>.\u201d<\/p>\n<p>Jo. 6.48 \u201c<em>Eu sou o p\u00e3o da vida.<\/em>\u201d<\/p>\n<p>Jo. 8.12 \u201c<em>Eu sou a luz do mundo;<\/em>\u201d<\/p>\n<p>Jo. 8.40 \u201c<em>sou um homem<\/em>\u201d;<\/p>\n<p>Jo. 10.9 \u201c<em>Eu sou a porta;<\/em>\u201d<\/p>\n<p>Jo. 10.11 \u201c<em>Eu sou o bom Pastor<\/em>\u201d<\/p>\n<p>Jo. 10.36 \u201c<em>\u00c0quele a quem o Pai santificou<\/em>\u201d<\/p>\n<p>Jo. 10.36 \u201c<em>Sou Filho de Deus<\/em>\u201d<\/p>\n<p>Jo. 11.25  \u201c<em>Eu sou a ressurrei\u00e7\u00e3o e a vida;<\/em>\u201d<\/p>\n<p>Jo. 14.6 \u201c<em>Eu sou o caminho, e a verdade e a vida<\/em>\u201d<\/p>\n<p>Jo. 15.1 \u201c<em>Eu sou a videira verdadeira<\/em>\u201d<\/p>\n<p>Jo. 18. 5 \u201c<em>Jesus Nazareno. Disse-lhes Jesus: Sou eu<\/em>.\u201d<\/p>\n<p>Jo. 19.21 \u201c<em>ele disse: Sou o Rei dos Judeus.<\/em>\u201d<\/p>\n<p>At. 9. 5 \u201c<em>Eu sou Jesus\u201d<\/em><\/p>\n<p>Ap. 1.17  \u201c<em>Eu sou o primeiro e o \u00faltimo;<\/em>\u201d<\/p>\n<p>Leiamos atentamente o que Jesus disse em Jo. 14.1 \u201c<em>N\u00e3o se turbe o vosso cora\u00e7\u00e3o; <\/em><em><strong>credes em Deus, <\/strong><\/em><em><span style=\"text-decoration: underline;\"><strong>crede TAMB\u00c9M<\/strong><\/span><\/em><em><strong> em mim<\/strong><\/em>\u201d (destaquei), mais expl\u00edcito imposs\u00edvel, crer em Deus e tamb\u00e9m nEle. Jesus mesmo \u00e9 quem se destingue de Deus e se exclui da Deidade ao dizer \u201c<em>em Deus e em mim<\/em>\u201d. Veja que ele n\u00e3o disse ali \u201cno Pai e mim\u201d (as hip\u00f3stases), mas \u201c<em>em Deus e em mim<\/em>\u201d e isso \u00e9 muito significativo pois a palavra Deus, no grego est\u00e1 com artigo, indicando indubitavelmente ser O Deus, aquele conhecido Soberano e Eterno do Antigo Testamento, que sem d\u00favida \u00e9 o mesmo do Novo Testamento. Esse verso \u00e9 refor\u00e7ado por Jo. 17.3 \u201c<em>E a vida eterna \u00e9 esta: <\/em><em><strong>que te conhe\u00e7am a ti, como o \u00fanico Deus verdadeiro, <\/strong><\/em><em><span style=\"text-decoration: underline;\"><strong>E A<\/strong><\/span><\/em><em><strong> Jesus Cristo,<\/strong><\/em><em> aquele que tu enviaste.<\/em>\u201d (destaquei)<\/p>\n<p>Voc\u00ea pode acrescentar outras afirma\u00e7\u00f5es a essa lista, mas essa \u00faltima, que se segue, <strong>N\u00c3O<\/strong> \u00e9 palavra de Jesus em toda a B\u00edblia:<\/p>\n<p>\u201c<strong>Jesus disse: &#8216;Eu sou Deus&#8217;\u201d  Livro ? Cap\u00edtulo ? Vers\u00edculo ?<\/strong><\/p>\n","protected":false},"excerpt":{"rendered":"<p>Mt. 23.10 \u201cum s\u00f3 \u00e9 o vosso Mestre, que \u00e9 o Cristo\u201d Lc. 4. 18 O Cristo \u201cO Esp\u00edrito do Senhor \u00e9 sobre mim, Pois que me ungiu\u201d Jo. 4.26 O Cristo \u201cEu o sou, eu que falo contigo.\u201d Jo. 6.48 \u201cEu sou o p\u00e3o da vida.\u201d Jo. 8.12 \u201cEu sou a luz do mundo;\u201d [&hellip;]<\/p>\n","protected":false},"author":1,"featured_media":0,"comment_status":"closed","ping_status":"open","sticky":false,"template":"","format":"standard","meta":{"footnotes":""},"categories":[3],"tags":[],"class_list":["post-348","post","type-post","status-publish","format-standard","hentry","category-comentarios"],"_links":{"self":[{"href":"https:\/\/www.unitarismobiblico.com\/w\/wp-json\/wp\/v2\/posts\/348","targetHints":{"allow":["GET"]}}],"collection":[{"href":"https:\/\/www.unitarismobiblico.com\/w\/wp-json\/wp\/v2\/posts"}],"about":[{"href":"https:\/\/www.unitarismobiblico.com\/w\/wp-json\/wp\/v2\/types\/post"}],"author":[{"embeddable":true,"href":"https:\/\/www.unitarismobiblico.com\/w\/wp-json\/wp\/v2\/users\/1"}],"replies":[{"embeddable":true,"href":"https:\/\/www.unitarismobiblico.com\/w\/wp-json\/wp\/v2\/comments?post=348"}],"version-history":[{"count":0,"href":"https:\/\/www.unitarismobiblico.com\/w\/wp-json\/wp\/v2\/posts\/348\/revisions"}],"wp:attachment":[{"href":"https:\/\/www.unitarismobiblico.com\/w\/wp-json\/wp\/v2\/media?parent=348"}],"wp:term":[{"taxonomy":"category","embeddable":true,"href":"https:\/\/www.unitarismobiblico.com\/w\/wp-json\/wp\/v2\/categories?post=348"},{"taxonomy":"post_tag","embeddable":true,"href":"https:\/\/www.unitarismobiblico.com\/w\/wp-json\/wp\/v2\/tags?post=348"}],"curies":[{"name":"wp","href":"https:\/\/api.w.org\/{rel}","templated":true}]}}