{"id":475,"date":"2010-10-17T01:14:31","date_gmt":"2010-10-17T01:14:31","guid":{"rendered":"http:\/\/www.unitarismobiblico.com\/1\/?p=475"},"modified":"2010-10-17T01:14:31","modified_gmt":"2010-10-17T01:14:31","slug":"justino-e-a-trindade","status":"publish","type":"post","link":"https:\/\/www.unitarismobiblico.com\/w\/2010\/10\/17\/justino-e-a-trindade\/","title":{"rendered":"Justino e a Trindade"},"content":{"rendered":"<p>Justino, de quem Taciano foi disc\u00edpulo,  afirma \u201c<em>Cristo era o Logos, isto \u00e9, a pr\u00f3pria raz\u00e3o divina, a qual Deus Pai admitiu sair de si mesmo sem a diminui\u00e7\u00e3o de seu pr\u00f3prio ser<\/em>.\u201d<a href=\"#sdfootnote1sym\"><sup>1<\/sup><\/a> tamb\u00e9m dizia \u201c<em>No princ\u00edpio, antes de todas as criaturas, Deus gerou um poder racional a partir de Si mesmo\u201d<\/em><a href=\"#sdfootnote2sym\"><sup>2<\/sup><\/a>, mais uma vez se v\u00ea, nas palavras desse antigo crist\u00e3o, que o Filho n\u00e3o era, na eternidade, um ente independente do Pai, mas, sim, surgido a partir DELE antes de todas as eras, ou seja Cristo estava em Deus, mas como a sua raz\u00e3o que de Deus, pelo seu infinito poder, emanou sem que houvesse varia\u00e7\u00e3o no Pai. Assim, quando ele declarou \u00e0quela \u00e9poca: \u201c<em>Que n\u00f3s somos ateus, quem estiver em s\u00e3o ju\u00edzo n\u00e3o o dir\u00e1, pois cultuamos o Criador deste universo, do qual dizemos, conforme nos ensinaram, que n\u00e3o tem necessidade de sangue, liba\u00e7\u00f5es ou incenso. [&#8230;] Em seguida, demonstramos que, com raz\u00e3o, honramos tamb\u00e9m Jesus Cristo, que foi nosso Mestre nessas coisas e para isso nasceu, o mesmo que foi crucificado sob P\u00f4ncio Pilatos, procurador na Judeia no tempo de Tib\u00e9rio C\u00e9sar. Aprendemos que ele \u00e9 o Filho do pr\u00f3prio Deus verdadeiro, e o colocamos em segundo lugar, assim como o Esp\u00edrito prof\u00e9tico, que pomos no terceiro. De fato, tacham-nos de loucos, dizendo que damos o segundo lugar a um homem crucificado, depois do Deus imut\u00e1vel, aquele que existe desde sempre e criou o universo. \u00c9 que ignoram o mist\u00e9rio que existe nisso e, por isso, vos exortamos que presteis aten\u00e7\u00e3o quando o expomos<\/em>\u201d<a href=\"#sdfootnote3sym\"><sup>3<\/sup><\/a>, ao contr\u00e1rio do que afirmam alguns trinitaristas, Justino n\u00e3o est\u00e1 defendendo uma trindade de seres coiguais, nem essa ideia se desprende dos textos requeridos, pelo contr\u00e1rio, pois ele afirma cultuar ao Criador e, tamb\u00e9m, honrar a Jesus Cristo. Perceba culto a Deus e honra a Cristo, isso, sem d\u00favidas, n\u00e3o \u00e9 uma afirma\u00e7\u00e3o de coigualdade na Deidade, muito mais quando ele mesmo diz que p\u00f5e o filho em segundo lugar e n\u00e3o em igualdade com Deus.  Justino tamb\u00e9m era do II S\u00e9culo.<\/p>\n<p>\u00c9 impressionante observamos em muitas literaturas as cita\u00e7\u00f5es de Justino alegando que ele era trinit\u00e1rio, quando sabemos por registros hist\u00f3ricos que ele n\u00e3o alegou isso, e, pelo contr\u00e1rio, trata a Deus, o Pai, como aquele que gerou por emiss\u00e3o o Filho antes do processo de cria\u00e7\u00e3o do c\u00e9us e da terra: \u201c<em>Mas esse <\/em><em><strong>gerado, <\/strong><\/em><em><span style=\"text-decoration: underline;\"><strong>emitido<\/strong><\/span><\/em><em> <\/em><em>realmente pelo Pai, estava com ele antes de todas as criaturas e com ele o Pai conversa, como nos manifestou a palavra por meio de Salom\u00e3o.<\/em>\u201d<a href=\"#sdfootnote4sym\"><sup>4<\/sup><\/a><br \/>\n_________________<\/p>\n<p><span style=\"font-size: x-small;\"><a href=\"#sdfootnote1anc\">1<\/a> Campernhausen, \tHans von in Os Pais da Igreja, Editora CPAD \u2013 2005, p\u00e1g. 18<\/span><\/p>\n<p><span style=\"font-size: x-small;\"><a href=\"#sdfootnote2anc\">2<\/a> Kelly, \tJ. N. D <em>in<\/em> Doutrinas \tCentrais da F\u00e9 Crist\u00e3, p\u00e1g. 75<\/span><\/p>\n<p><span style=\"font-size: x-small;\"><a href=\"#sdfootnote3anc\">3<\/a> Justino \tM\u00e1rtir, ano 151, I Apologia 13,1.3-6<\/span><\/p>\n<p><span style=\"font-size: x-small;\"><a href=\"#sdfootnote4anc\">4<\/a> Justino \tM\u00e1rtir, ano 155, Di\u00e1logo com o Judeu Trif\u00e3o 62,1-2.4 (Obs. A \trefer\u00eancia a Salom\u00e3o \u00e9, provavelmente, Pv. 8.22)<\/span><\/p>\n","protected":false},"excerpt":{"rendered":"<p>Justino, de quem Taciano foi disc\u00edpulo, afirma \u201cCristo era o Logos, isto \u00e9, a pr\u00f3pria raz\u00e3o divina, a qual Deus Pai admitiu sair de si mesmo sem a diminui\u00e7\u00e3o de seu pr\u00f3prio ser.\u201d1 tamb\u00e9m dizia \u201cNo princ\u00edpio, antes de todas as criaturas, Deus gerou um poder racional a partir de Si mesmo\u201d2, mais uma vez [&hellip;]<\/p>\n","protected":false},"author":1,"featured_media":0,"comment_status":"closed","ping_status":"open","sticky":false,"template":"","format":"standard","meta":{"footnotes":""},"categories":[3],"tags":[],"class_list":["post-475","post","type-post","status-publish","format-standard","hentry","category-comentarios"],"_links":{"self":[{"href":"https:\/\/www.unitarismobiblico.com\/w\/wp-json\/wp\/v2\/posts\/475","targetHints":{"allow":["GET"]}}],"collection":[{"href":"https:\/\/www.unitarismobiblico.com\/w\/wp-json\/wp\/v2\/posts"}],"about":[{"href":"https:\/\/www.unitarismobiblico.com\/w\/wp-json\/wp\/v2\/types\/post"}],"author":[{"embeddable":true,"href":"https:\/\/www.unitarismobiblico.com\/w\/wp-json\/wp\/v2\/users\/1"}],"replies":[{"embeddable":true,"href":"https:\/\/www.unitarismobiblico.com\/w\/wp-json\/wp\/v2\/comments?post=475"}],"version-history":[{"count":0,"href":"https:\/\/www.unitarismobiblico.com\/w\/wp-json\/wp\/v2\/posts\/475\/revisions"}],"wp:attachment":[{"href":"https:\/\/www.unitarismobiblico.com\/w\/wp-json\/wp\/v2\/media?parent=475"}],"wp:term":[{"taxonomy":"category","embeddable":true,"href":"https:\/\/www.unitarismobiblico.com\/w\/wp-json\/wp\/v2\/categories?post=475"},{"taxonomy":"post_tag","embeddable":true,"href":"https:\/\/www.unitarismobiblico.com\/w\/wp-json\/wp\/v2\/tags?post=475"}],"curies":[{"name":"wp","href":"https:\/\/api.w.org\/{rel}","templated":true}]}}